{"id":239345,"date":"2023-11-13T13:01:43","date_gmt":"2023-11-13T16:01:43","guid":{"rendered":"https:\/\/www.redenoticia.com.br\/noticia\/?p=239345"},"modified":"2023-11-13T13:01:43","modified_gmt":"2023-11-13T16:01:43","slug":"resumo-terra-e-paixao-14-11-ramiro-conta-a-antonio-que-vinicius-esta-vivo","status":"publish","type":"post","link":"https:\/\/migracao.redenoticia.com.br\/noticia\/2023\/resumo-terra-e-paixao-14-11-ramiro-conta-a-antonio-que-vinicius-esta-vivo\/239345","title":{"rendered":"Resumo &#8220;Terra e Paix\u00e3o&#8221; 14\/11: Ramiro conta a Ant\u00f4nio que Vin\u00edcius est\u00e1 vivo"},"content":{"rendered":"<p> <img loading=\"lazy\" decoding=\"async\" src=\"https:\/\/migracao.redenoticia.com.br\/noticia\/imagens\/novela-terra-e-paixao-resumo.jpg\" alt=\"\" width=\"1280\" height=\"720\" class=\"aligncenter size-full wp-image-231930\" srcset=\"https:\/\/migracao.redenoticia.com.br\/noticia\/imagens\/novela-terra-e-paixao-resumo.jpg 1280w, https:\/\/migracao.redenoticia.com.br\/noticia\/imagens\/novela-terra-e-paixao-resumo-250x140.jpg 250w, https:\/\/migracao.redenoticia.com.br\/noticia\/imagens\/novela-terra-e-paixao-resumo-400x225.jpg 400w, https:\/\/migracao.redenoticia.com.br\/noticia\/imagens\/novela-terra-e-paixao-resumo-768x432.jpg 768w, https:\/\/migracao.redenoticia.com.br\/noticia\/imagens\/novela-terra-e-paixao-resumo-150x84.jpg 150w\" sizes=\"auto, (max-width: 1280px) 100vw, 1280px\" \/> <\/p>\n<p><strong><em>Resumo da novela &#8220;Terra e Paix\u00e3o&#8221;<\/em><\/strong> em 14\/11: no cap\u00edtulo 161(*) da novela, Caio teme que Ant\u00f4nio possa fazer algum mal a Aline. Vin\u00edcius comenta com Ira\u00ea que tem medo de descobrir a pessoa que \u00e9 de verdade. Vin\u00edcius toma banho de rio com Ira\u00ea. Ramiro observa Vin\u00edcius no rio e descobre que o ge\u00f3logo est\u00e1 vivo. H\u00e9lio critica as atitudes de Agatha e acaba discutindo com a m\u00e3e. <\/p>\n<p>Luigi escuta Ramiro contar a Ant\u00f4nio que Vin\u00edcius est\u00e1 na aldeia. Marino ajuda Jurec\u00ea a enganar Ant\u00f4nio, fingindo que era ele quem estava com Ira\u00ea no rio. Ant\u00f4nio repreende Ramiro por ter mentido sobre o ge\u00f3logo estar vivo. Luigi estranha ao saber por Petra que H\u00e9lio terminou com ela. Ant\u00f4nio observa Irene chorando. Irene avisa a Angelina que voltar\u00e1 para a mans\u00e3o em breve.<\/p>\n<p>(*) edi\u00e7\u00e3o das novelas da Globo, &#8220;Terra e Paix\u00e3o&#8221;, sujeito a altera\u00e7\u00e3o de data e conte\u00fado.<\/p>\n<p>Sinopse &#8220;Terra e Paix\u00e3o&#8221;: Aline vive ao lado do marido Samuel e do filho Jo\u00e3o. Ap\u00f3s um atentado em sua casa, v\u00ea-se sozinha com o menino diante das terras deixadas pelo marido. Aline aprende a plantar com a ajuda de Jonatas, um amigo fiel. Al\u00e9m de contar com ele, tem ao seu lado sua m\u00e3e. Aline se aproxima dos irm\u00e3os Caio e Daniel, filhos do poderoso fazendeiro Ant\u00f4nio, com quem precisa brigar para manter suas terras. Ao lado dos dois rapazes, descobre sentimentos novos. Ant\u00f4nio La Selva \u00e9 casado com Irene com quem tem dois filhos, Daniel e Petra. Ele foi muito apaixonado por Agatha, com quem teve Caio, e culpa o rapaz pela morte da m\u00e3e no pr\u00e9-parto. <\/p>\n","protected":false},"excerpt":{"rendered":"<p>Resumo da novela &#8220;Terra e Paix\u00e3o&#8221; em 14\/11: no cap\u00edtulo 161(*) da novela, Caio teme que Ant\u00f4nio possa fazer algum mal a Aline. Vin\u00edcius comenta com Ira\u00ea que tem medo de descobrir a pessoa que \u00e9 de verdade. Vin\u00edcius toma banho de rio com Ira\u00ea. Ramiro observa Vin\u00edcius no rio e descobre que o ge\u00f3logo [&hellip;]<\/p>\n","protected":false},"author":2,"featured_media":231928,"comment_status":"closed","ping_status":"closed","sticky":false,"template":"","format":"standard","meta":{"tdm_status":"","tdm_grid_status":"","footnotes":""},"categories":[379,375,2025,343,2305],"tags":[441],"class_list":{"0":"post-239345","1":"post","2":"type-post","3":"status-publish","4":"format-standard","5":"has-post-thumbnail","7":"category-novelas","8":"category-rede-globo","9":"category-resumo","10":"category-televisao","11":"category-terra-e-paixao","12":"tag-resumo-do-dia"},"_links":{"self":[{"href":"https:\/\/migracao.redenoticia.com.br\/noticia\/wp-json\/wp\/v2\/posts\/239345","targetHints":{"allow":["GET"]}}],"collection":[{"href":"https:\/\/migracao.redenoticia.com.br\/noticia\/wp-json\/wp\/v2\/posts"}],"about":[{"href":"https:\/\/migracao.redenoticia.com.br\/noticia\/wp-json\/wp\/v2\/types\/post"}],"author":[{"embeddable":true,"href":"https:\/\/migracao.redenoticia.com.br\/noticia\/wp-json\/wp\/v2\/users\/2"}],"replies":[{"embeddable":true,"href":"https:\/\/migracao.redenoticia.com.br\/noticia\/wp-json\/wp\/v2\/comments?post=239345"}],"version-history":[{"count":0,"href":"https:\/\/migracao.redenoticia.com.br\/noticia\/wp-json\/wp\/v2\/posts\/239345\/revisions"}],"wp:featuredmedia":[{"embeddable":true,"href":"https:\/\/migracao.redenoticia.com.br\/noticia\/wp-json\/wp\/v2\/media\/231928"}],"wp:attachment":[{"href":"https:\/\/migracao.redenoticia.com.br\/noticia\/wp-json\/wp\/v2\/media?parent=239345"}],"wp:term":[{"taxonomy":"category","embeddable":true,"href":"https:\/\/migracao.redenoticia.com.br\/noticia\/wp-json\/wp\/v2\/categories?post=239345"},{"taxonomy":"post_tag","embeddable":true,"href":"https:\/\/migracao.redenoticia.com.br\/noticia\/wp-json\/wp\/v2\/tags?post=239345"}],"curies":[{"name":"wp","href":"https:\/\/api.w.org\/{rel}","templated":true}]}}