{"id":239348,"date":"2023-11-13T12:53:29","date_gmt":"2023-11-13T15:53:29","guid":{"rendered":"https:\/\/www.redenoticia.com.br\/noticia\/?p=239348"},"modified":"2023-11-13T12:53:29","modified_gmt":"2023-11-13T15:53:29","slug":"resumo-iludida-14-11-volkan-percebe-que-alguem-o-esta-seguindo","status":"publish","type":"post","link":"https:\/\/migracao.redenoticia.com.br\/noticia\/2023\/resumo-iludida-14-11-volkan-percebe-que-alguem-o-esta-seguindo\/239348","title":{"rendered":"Resumo \u201cIludida\u201d 14\/11: Volkan percebe que algu\u00e9m o est\u00e1 seguindo"},"content":{"rendered":"<p> <img loading=\"lazy\" decoding=\"async\" class=\"aligncenter size-full wp-image-235992\" src=\"https:\/\/migracao.redenoticia.com.br\/noticia\/imagens\/novela-iludida-logo-resumo-canal-tnt.jpg\" alt=\"\" width=\"1280\" height=\"720\" srcset=\"https:\/\/migracao.redenoticia.com.br\/noticia\/imagens\/novela-iludida-logo-resumo-canal-tnt.jpg 1280w, https:\/\/migracao.redenoticia.com.br\/noticia\/imagens\/novela-iludida-logo-resumo-canal-tnt-250x140.jpg 250w, https:\/\/migracao.redenoticia.com.br\/noticia\/imagens\/novela-iludida-logo-resumo-canal-tnt-400x225.jpg 400w, https:\/\/migracao.redenoticia.com.br\/noticia\/imagens\/novela-iludida-logo-resumo-canal-tnt-768x432.jpg 768w, https:\/\/migracao.redenoticia.com.br\/noticia\/imagens\/novela-iludida-logo-resumo-canal-tnt-150x84.jpg 150w\" sizes=\"auto, (max-width: 1280px) 100vw, 1280px\" \/><\/p>\n<p><strong><em>Resumo da novela \u201cIludida\u201d<\/em><\/strong> em 14\/11: no cap\u00edtulo 102(*) da novela, Derin quer deixar Volkan com ci\u00fames e provoca um encontro \u201ccasual\u201d em uma das casas noturnas mais movimentadas de Tekirdag. A jovem mostra-se segura perante o arquitecto e trata-o com indiferen\u00e7a: \u201cN\u00e3o pense que esta \u00e9 a \u00fanica noite em que saio\u201d . Ceren, por sua vez, tenta chamar novamente a aten\u00e7\u00e3o de Sel\u00e7uk, por\u00e9m, ele s\u00f3 tem olhos para Nil, a quem gostaria de ter de volta em algum momento. <\/p>\n<p>G\u00f6n\u00fcl est\u00e1 decidida a se divorciar de Haluk, mas Sel\u00e7uk quer que Demir fa\u00e7a algo para det\u00ea-la. Derin e Leyla armam um plano para conseguir fotos de Aras e Asya juntos. Aras recebe uma encomenda misteriosa relacionada com Asya. &#8230; Asya est\u00e1 conversando com Aras em sua casa quando algu\u00e9m toca a campainha. \u00c9 sobre a Leila. A mulher tem em sua posse algumas fotos dela saindo de um hotel de m\u00e3os dadas. Depois de mostr\u00e1-los a ela, ela amea\u00e7a torn\u00e1-los p\u00fablicos se Aras continuar determinado a se divorciar dela: &#8220;Posso destruir sua reputa\u00e7\u00e3o em quest\u00e3o de segundos&#8221;. <\/p>\n<p>Volkan sai de uma reuni\u00e3o de trabalho e percebe que algu\u00e9m o est\u00e1 seguindo. Com ast\u00facia, ele conduz o espi\u00e3o at\u00e9 uma estrada pouco movimentada e o obriga a descer do ve\u00edculo. Depois de pression\u00e1-lo contra o cap\u00f4 do carro, ele exige que diga para quem trabalha. G\u00fcrsel n\u00e3o tem escolha a n\u00e3o ser confessar que Derin o contratou como detetive: &#8220;Ela me pediu para inform\u00e1-la de todos os seus movimentos e eu o fiz.&#8221; G\u00f6nul tamb\u00e9m o contatou e ela ordenou que ele passasse para a filha apenas as informa\u00e7\u00f5es que considerasse relevantes. Ela n\u00e3o queria que Derin acabasse perdendo a cabe\u00e7a e a cust\u00f3dia de Zeynep.<\/p>\n<p>(*) edi\u00e7\u00e3o das novelas da TNT\/HBO, \u201cIludida\u201d, sujeito a altera\u00e7\u00e3o de data e conte\u00fado.<\/p>\n<p>Sinopse &#8220;Iludida&#8221;: Com apenas 37 anos, Asya \u00e9 vice-diretora e m\u00e9dica em um hospital da cidade de Tekirdag. Al\u00e9m de ter uma carreira profissional de sucesso, leva uma vida tranquila com o seu marido Volkan e seu filho Ali. Ela parece ter tudo: um trabalho perfeito, uma casa linda e uma fam\u00edlia feliz. Asya se sente a mulher mais sortuda do mundo, o que mais ela poderia pedir? Tudo na sua vida parecia ser cor-de-rosa, at\u00e9 que ela descobre um cabelo loiro no cachecol do seu marido, o que a transforma em uma pessoa obsessiva e incapaz de confiar nas pessoas ao seu redor. Por\u00e9m, ela n\u00e3o se engana em desconfiar deles: aos poucos, Asya descobre uma rede de mentiras que a leva a perceber que a sua vida n\u00e3o era t\u00e3o perfeita como ela pensava.<\/p>\n","protected":false},"excerpt":{"rendered":"<p>Resumo da novela \u201cIludida\u201d em 14\/11: no cap\u00edtulo 102(*) da novela, Derin quer deixar Volkan com ci\u00fames e provoca um encontro \u201ccasual\u201d em uma das casas noturnas mais movimentadas de Tekirdag. A jovem mostra-se segura perante o arquitecto e trata-o com indiferen\u00e7a: \u201cN\u00e3o pense que esta \u00e9 a \u00fanica noite em que saio\u201d . Ceren, [&hellip;]<\/p>\n","protected":false},"author":2,"featured_media":235991,"comment_status":"closed","ping_status":"closed","sticky":false,"template":"","format":"standard","meta":{"tdm_status":"","tdm_grid_status":"","footnotes":""},"categories":[2317,379,2025,343,2315],"tags":[441],"class_list":{"0":"post-239348","1":"post","2":"type-post","3":"status-publish","4":"format-standard","5":"has-post-thumbnail","7":"category-iludida","8":"category-novelas","9":"category-resumo","10":"category-televisao","11":"category-tnt","12":"tag-resumo-do-dia"},"_links":{"self":[{"href":"https:\/\/migracao.redenoticia.com.br\/noticia\/wp-json\/wp\/v2\/posts\/239348","targetHints":{"allow":["GET"]}}],"collection":[{"href":"https:\/\/migracao.redenoticia.com.br\/noticia\/wp-json\/wp\/v2\/posts"}],"about":[{"href":"https:\/\/migracao.redenoticia.com.br\/noticia\/wp-json\/wp\/v2\/types\/post"}],"author":[{"embeddable":true,"href":"https:\/\/migracao.redenoticia.com.br\/noticia\/wp-json\/wp\/v2\/users\/2"}],"replies":[{"embeddable":true,"href":"https:\/\/migracao.redenoticia.com.br\/noticia\/wp-json\/wp\/v2\/comments?post=239348"}],"version-history":[{"count":0,"href":"https:\/\/migracao.redenoticia.com.br\/noticia\/wp-json\/wp\/v2\/posts\/239348\/revisions"}],"wp:featuredmedia":[{"embeddable":true,"href":"https:\/\/migracao.redenoticia.com.br\/noticia\/wp-json\/wp\/v2\/media\/235991"}],"wp:attachment":[{"href":"https:\/\/migracao.redenoticia.com.br\/noticia\/wp-json\/wp\/v2\/media?parent=239348"}],"wp:term":[{"taxonomy":"category","embeddable":true,"href":"https:\/\/migracao.redenoticia.com.br\/noticia\/wp-json\/wp\/v2\/categories?post=239348"},{"taxonomy":"post_tag","embeddable":true,"href":"https:\/\/migracao.redenoticia.com.br\/noticia\/wp-json\/wp\/v2\/tags?post=239348"}],"curies":[{"name":"wp","href":"https:\/\/api.w.org\/{rel}","templated":true}]}}