{"id":239349,"date":"2023-11-13T12:53:00","date_gmt":"2023-11-13T15:53:00","guid":{"rendered":"https:\/\/www.redenoticia.com.br\/noticia\/?p=239349"},"modified":"2023-11-13T12:53:00","modified_gmt":"2023-11-13T15:53:00","slug":"resumo-sera-isso-amor-14-11-serkan-transfere-5-das-acoes-para-selin","status":"publish","type":"post","link":"https:\/\/migracao.redenoticia.com.br\/noticia\/2023\/resumo-sera-isso-amor-14-11-serkan-transfere-5-das-acoes-para-selin\/239349","title":{"rendered":"Resumo \u201cSer\u00e1 Isso Amor?\u201d 14\/11: Serkan transfere 5% das a\u00e7\u00f5es para Selin"},"content":{"rendered":"<p> <img loading=\"lazy\" decoding=\"async\" class=\"aligncenter size-full wp-image-235988\" src=\"https:\/\/migracao.redenoticia.com.br\/noticia\/imagens\/novela-sera-isso-amor-tnt-resumo-elenco.jpg\" alt=\"\" width=\"1280\" height=\"720\" srcset=\"https:\/\/migracao.redenoticia.com.br\/noticia\/imagens\/novela-sera-isso-amor-tnt-resumo-elenco.jpg 1280w, https:\/\/migracao.redenoticia.com.br\/noticia\/imagens\/novela-sera-isso-amor-tnt-resumo-elenco-250x140.jpg 250w, https:\/\/migracao.redenoticia.com.br\/noticia\/imagens\/novela-sera-isso-amor-tnt-resumo-elenco-400x225.jpg 400w, https:\/\/migracao.redenoticia.com.br\/noticia\/imagens\/novela-sera-isso-amor-tnt-resumo-elenco-768x432.jpg 768w, https:\/\/migracao.redenoticia.com.br\/noticia\/imagens\/novela-sera-isso-amor-tnt-resumo-elenco-150x84.jpg 150w\" sizes=\"auto, (max-width: 1280px) 100vw, 1280px\" \/><\/p>\n<p><strong><em>Resumo da novela \u201cSer\u00e1 Isso Amor?\u201d<\/em><\/strong> em 14\/11: no cap\u00edtulo 102(*) da novela, Selin est\u00e1 com raiva porque sua festa de anivers\u00e1rio foi arruinada. Enquanto fala com raiva, ela beija Deniz. Eles recome\u00e7am a procurar Serkan e Eda. Eles encontram os dois dormindo lado a lado na cabana. Piril e Engin est\u00e3o muito preocupados com seu beb\u00ea. Serkan quer que Erdem guarde um segredo e recebe um e-mail misterioso sobre Selin e Deniz. &#8230; Encontrando Serkan e Eda sozinhos na cabana, Selin come\u00e7a uma briga. <\/p>\n<p>Serkan pensa que a tratou injustamente e transfere 5% das a\u00e7\u00f5es de sua empresa para Selin. Eda diz que deveria pelo menos informar e consultar. Ferit e Engin tamb\u00e9m concordam, mas n\u00e3o continuam. Leyla n\u00e3o vem para a empresa porque a m\u00e3e est\u00e1 doente. Todo o trabalho fica para Erdem e Melo. Erdem sente a aus\u00eancia de Leyla e a chama para vir no dia seguinte. Engin, por outro lado, luta contra os horm\u00f4nios da gravidez de Piril e sua obsess\u00e3o em ficar gorda e feia. A alian\u00e7a entre Deniz e Selin continua. Uma pessoa n\u00e3o identificada ficou furiosa porque sua festa de anivers\u00e1rio foi interrompida e tirou uma foto do momento em que Selin beijou Deniz. Ele enviou isso para Serkan Bolat. Devido a erros e desrespeitos, o envelope nunca chega a Serkan.<\/p>\n<p>(*) edi\u00e7\u00e3o das novelas da TNT\/HBO, \u201cSer\u00e1 Isso Amor?\u201d, sujeito a altera\u00e7\u00e3o de data e conte\u00fado.<\/p>\n<p>Sinopse &#8220;Ser\u00e1 Isso Amor?&#8221;: (Primeira Temporada) Eda n\u00e3o consegue concluir sua gradua\u00e7\u00e3o na faculdade de arquitetura paisag\u00edstica por causa de Serkan Bolat. Serkan tem uma ex-namorada, Selin, que ficou noiva recentemente ap\u00f3s o rompimento. Para recuper\u00e1-la, Serkan oferece a Eda um contrato segundo o qual ela deve fingir ser sua noiva por dois meses. Ela aceita a oferta e n\u00e3o demora para surgir algo entre eles. <\/p>\n<p>(Segunda Temporada) Serkan e Eda passam por momentos dif\u00edceis durante o tratamento de c\u00e2ncer dele, que fica obcecado com sua doen\u00e7a e que vira um homem completamente diferente ap\u00f3s sobreviver. Serkan volta a se concentrar apenas em seu trabalho, que aos poucos o afasta de Eda. Mais tarde, ela vai para a It\u00e1lia para concluir seus estudos, enquanto Serkan continua com sua vida. Mas quando eles finalmente se reencontram ap\u00f3s 5 longos anos, a vida tem uma surpresa para ambos.<\/p>\n","protected":false},"excerpt":{"rendered":"<p>Resumo da novela \u201cSer\u00e1 Isso Amor?\u201d em 14\/11: no cap\u00edtulo 102(*) da novela, Selin est\u00e1 com raiva porque sua festa de anivers\u00e1rio foi arruinada. Enquanto fala com raiva, ela beija Deniz. Eles recome\u00e7am a procurar Serkan e Eda. Eles encontram os dois dormindo lado a lado na cabana. Piril e Engin est\u00e3o muito preocupados com [&hellip;]<\/p>\n","protected":false},"author":3,"featured_media":235990,"comment_status":"closed","ping_status":"closed","sticky":false,"template":"","format":"standard","meta":{"tdm_status":"","tdm_grid_status":"","footnotes":""},"categories":[379,2025,2316,343,2315],"tags":[441],"class_list":{"0":"post-239349","1":"post","2":"type-post","3":"status-publish","4":"format-standard","5":"has-post-thumbnail","7":"category-novelas","8":"category-resumo","9":"category-sera-isso-amor","10":"category-televisao","11":"category-tnt","12":"tag-resumo-do-dia"},"_links":{"self":[{"href":"https:\/\/migracao.redenoticia.com.br\/noticia\/wp-json\/wp\/v2\/posts\/239349","targetHints":{"allow":["GET"]}}],"collection":[{"href":"https:\/\/migracao.redenoticia.com.br\/noticia\/wp-json\/wp\/v2\/posts"}],"about":[{"href":"https:\/\/migracao.redenoticia.com.br\/noticia\/wp-json\/wp\/v2\/types\/post"}],"author":[{"embeddable":true,"href":"https:\/\/migracao.redenoticia.com.br\/noticia\/wp-json\/wp\/v2\/users\/3"}],"replies":[{"embeddable":true,"href":"https:\/\/migracao.redenoticia.com.br\/noticia\/wp-json\/wp\/v2\/comments?post=239349"}],"version-history":[{"count":0,"href":"https:\/\/migracao.redenoticia.com.br\/noticia\/wp-json\/wp\/v2\/posts\/239349\/revisions"}],"wp:featuredmedia":[{"embeddable":true,"href":"https:\/\/migracao.redenoticia.com.br\/noticia\/wp-json\/wp\/v2\/media\/235990"}],"wp:attachment":[{"href":"https:\/\/migracao.redenoticia.com.br\/noticia\/wp-json\/wp\/v2\/media?parent=239349"}],"wp:term":[{"taxonomy":"category","embeddable":true,"href":"https:\/\/migracao.redenoticia.com.br\/noticia\/wp-json\/wp\/v2\/categories?post=239349"},{"taxonomy":"post_tag","embeddable":true,"href":"https:\/\/migracao.redenoticia.com.br\/noticia\/wp-json\/wp\/v2\/tags?post=239349"}],"curies":[{"name":"wp","href":"https:\/\/api.w.org\/{rel}","templated":true}]}}