{"id":239360,"date":"2023-11-13T13:00:12","date_gmt":"2023-11-13T16:00:12","guid":{"rendered":"https:\/\/www.redenoticia.com.br\/noticia\/?p=239360"},"modified":"2023-11-13T13:00:12","modified_gmt":"2023-11-13T16:00:12","slug":"resumo-elas-por-elas-14-11-tais-descobre-que-esta-gravida-de-atila","status":"publish","type":"post","link":"https:\/\/migracao.redenoticia.com.br\/noticia\/2023\/resumo-elas-por-elas-14-11-tais-descobre-que-esta-gravida-de-atila\/239360","title":{"rendered":"Resumo &#8220;Elas por Elas&#8221; 14\/11: Ta\u00eds descobre que est\u00e1 gr\u00e1vida de \u00c1tila"},"content":{"rendered":"<p> <img loading=\"lazy\" decoding=\"async\" src=\"https:\/\/migracao.redenoticia.com.br\/noticia\/imagens\/elas-por-elas-resumo-elenco-globo.jpg\" alt=\"\" width=\"1280\" height=\"720\" class=\"aligncenter size-full wp-image-237222\" srcset=\"https:\/\/migracao.redenoticia.com.br\/noticia\/imagens\/elas-por-elas-resumo-elenco-globo.jpg 1280w, https:\/\/migracao.redenoticia.com.br\/noticia\/imagens\/elas-por-elas-resumo-elenco-globo-250x140.jpg 250w, https:\/\/migracao.redenoticia.com.br\/noticia\/imagens\/elas-por-elas-resumo-elenco-globo-400x225.jpg 400w, https:\/\/migracao.redenoticia.com.br\/noticia\/imagens\/elas-por-elas-resumo-elenco-globo-768x432.jpg 768w, https:\/\/migracao.redenoticia.com.br\/noticia\/imagens\/elas-por-elas-resumo-elenco-globo-150x84.jpg 150w\" sizes=\"auto, (max-width: 1280px) 100vw, 1280px\" \/><\/p>\n<p><strong><em>Resumo da novela &#8220;Elas por Elas&#8221;<\/em><\/strong> em 14\/11: no cap\u00edtulo 042(*) da novela, Ren\u00e9e se apressa para encontrar Wagner e Evil\u00e1sio. Ta\u00eds comenta sobre seu mal-estar, e Ren\u00e9e a questiona sobre uma poss\u00edvel gravidez. Cris ouve uma liga\u00e7\u00e3o de \u00cdsis para Giovanni e pede a ajuda de Helena e Tony. S\u00e9rgio descobre o segredo de M\u00edriam e a amea\u00e7a. M\u00e1rio fala com Casemiro e faz uma descoberta sobre \u00c1tila. <\/p>\n<p>Helena mente para Nat\u00e1lia sobre a foto com Bruno. Wanda espiona Carol e Ulisses. Tony chega para ajudar \u00cdsis na ONG. Ta\u00eds desmaia durante a reuni\u00e3o na Hel\u00e0ne. M\u00edriam ouve Helena falar para S\u00e9rgio sobre sua foto com Bruno. Tony descarta uma liga\u00e7\u00e3o de Giovanni no telefone de \u00cdsis, sem que ela veja. Jonas n\u00e3o consegue o novo emprego, e Adriana o consola. Ta\u00eds descobre que est\u00e1 gr\u00e1vida de \u00c1tila.<\/p>\n<p>(*) edi\u00e7\u00e3o das novelas da Globo, &#8220;Elas por Elas&#8221;, sujeito a altera\u00e7\u00e3o de data e conte\u00fado.<\/p>\n<p>Sinopse \u201cElas por Elas\u201d: A trama \u00e9 centrada na hist\u00f3ria de sete amigas dos tempos de col\u00e9gio que n\u00e3o se veem h\u00e1 vinte anos. A mais velha do grupo encontra uma foto das amigas e uma onda de lembran\u00e7as e saudosismo invade sua cabe\u00e7a. Com vontade de reencontr\u00e1-las, ela decide localizar uma por uma e promove uma reuni\u00e3o em sua casa. Todas comparecem ao evento, felizes com o reencontro. No entanto, as lembran\u00e7as do passado e coincid\u00eancias do presente v\u00eam \u00e0 tona, afetando novamente a vida de todas do grupo.<\/p>\n","protected":false},"excerpt":{"rendered":"<p>Resumo da novela &#8220;Elas por Elas&#8221; em 14\/11: no cap\u00edtulo 042(*) da novela, Ren\u00e9e se apressa para encontrar Wagner e Evil\u00e1sio. Ta\u00eds comenta sobre seu mal-estar, e Ren\u00e9e a questiona sobre uma poss\u00edvel gravidez. Cris ouve uma liga\u00e7\u00e3o de \u00cdsis para Giovanni e pede a ajuda de Helena e Tony. S\u00e9rgio descobre o segredo de [&hellip;]<\/p>\n","protected":false},"author":4,"featured_media":237224,"comment_status":"closed","ping_status":"closed","sticky":false,"template":"","format":"standard","meta":{"tdm_status":"","tdm_grid_status":"","footnotes":""},"categories":[2318,379,375,2025,343],"tags":[441],"class_list":{"0":"post-239360","1":"post","2":"type-post","3":"status-publish","4":"format-standard","5":"has-post-thumbnail","7":"category-elas-por-elas","8":"category-novelas","9":"category-rede-globo","10":"category-resumo","11":"category-televisao","12":"tag-resumo-do-dia"},"_links":{"self":[{"href":"https:\/\/migracao.redenoticia.com.br\/noticia\/wp-json\/wp\/v2\/posts\/239360","targetHints":{"allow":["GET"]}}],"collection":[{"href":"https:\/\/migracao.redenoticia.com.br\/noticia\/wp-json\/wp\/v2\/posts"}],"about":[{"href":"https:\/\/migracao.redenoticia.com.br\/noticia\/wp-json\/wp\/v2\/types\/post"}],"author":[{"embeddable":true,"href":"https:\/\/migracao.redenoticia.com.br\/noticia\/wp-json\/wp\/v2\/users\/4"}],"replies":[{"embeddable":true,"href":"https:\/\/migracao.redenoticia.com.br\/noticia\/wp-json\/wp\/v2\/comments?post=239360"}],"version-history":[{"count":0,"href":"https:\/\/migracao.redenoticia.com.br\/noticia\/wp-json\/wp\/v2\/posts\/239360\/revisions"}],"wp:featuredmedia":[{"embeddable":true,"href":"https:\/\/migracao.redenoticia.com.br\/noticia\/wp-json\/wp\/v2\/media\/237224"}],"wp:attachment":[{"href":"https:\/\/migracao.redenoticia.com.br\/noticia\/wp-json\/wp\/v2\/media?parent=239360"}],"wp:term":[{"taxonomy":"category","embeddable":true,"href":"https:\/\/migracao.redenoticia.com.br\/noticia\/wp-json\/wp\/v2\/categories?post=239360"},{"taxonomy":"post_tag","embeddable":true,"href":"https:\/\/migracao.redenoticia.com.br\/noticia\/wp-json\/wp\/v2\/tags?post=239360"}],"curies":[{"name":"wp","href":"https:\/\/api.w.org\/{rel}","templated":true}]}}