{"id":239393,"date":"2023-11-14T17:19:20","date_gmt":"2023-11-14T20:19:20","guid":{"rendered":"https:\/\/www.redenoticia.com.br\/noticia\/?p=239393"},"modified":"2023-11-14T17:19:20","modified_gmt":"2023-11-14T20:19:20","slug":"resumo-um-refugio-para-o-amor-15-11-patricio-e-informado-que-luciana-foi-internada","status":"publish","type":"post","link":"https:\/\/migracao.redenoticia.com.br\/noticia\/2023\/resumo-um-refugio-para-o-amor-15-11-patricio-e-informado-que-luciana-foi-internada\/239393","title":{"rendered":"Resumo \u201cUm Ref\u00fagio para o Amor\u201d 15\/11: Patr\u00edcio \u00e9 informado que Luciana foi internada"},"content":{"rendered":"<p> <img loading=\"lazy\" decoding=\"async\" src=\"https:\/\/migracao.redenoticia.com.br\/noticia\/imagens\/um-refugio-para-o-amor-novela-resumo-sbt.jpg.jpg\" alt=\"\" width=\"1280\" height=\"720\" class=\"aligncenter size-full wp-image-233922\" srcset=\"https:\/\/migracao.redenoticia.com.br\/noticia\/imagens\/um-refugio-para-o-amor-novela-resumo-sbt.jpg.jpg 1280w, https:\/\/migracao.redenoticia.com.br\/noticia\/imagens\/um-refugio-para-o-amor-novela-resumo-sbt.jpg-250x140.jpg 250w, https:\/\/migracao.redenoticia.com.br\/noticia\/imagens\/um-refugio-para-o-amor-novela-resumo-sbt.jpg-400x225.jpg 400w, https:\/\/migracao.redenoticia.com.br\/noticia\/imagens\/um-refugio-para-o-amor-novela-resumo-sbt.jpg-768x432.jpg 768w, https:\/\/migracao.redenoticia.com.br\/noticia\/imagens\/um-refugio-para-o-amor-novela-resumo-sbt.jpg-150x84.jpg 150w\" sizes=\"auto, (max-width: 1280px) 100vw, 1280px\" \/> <\/p>\n<p><strong><em>Resumo da novela \u201cUm Ref\u00fagio para o Amor\u201d<\/em><\/strong> em 15\/11: no cap\u00edtulo 103(*) da novela, Patr\u00edcio consegue levantar os bra\u00e7os. Clara conta a Roselena que j\u00e1 sabe o sexo do beb\u00e9 e Rodrigo ouve tudo. Melissa, Aldo, Jana e patr\u00edcio visitam Luciana no seu apartamento para fazerem uma festa para o beb\u00e9. Rodrigo tamb\u00e9m vai \u00e1 festa. Luciana come\u00e7a a ficar com dores e \u00e9 levada para o hospital. <\/p>\n<p>Patr\u00edcio \u00e9 informado que Luciana foi internada. Br\u00edgida telefona a Clara e conta-lhe o que se passa com Luciana. Na clinica o m\u00e9dico diz a Louren\u00e7o que o estado de Luciana \u00e9 grave. Patr\u00edcio telefona a Rodrigo e conta-lhe o que se passa com Luciana. Julieta e Clara decidem ir \u00e0 clinica com a desculpa de estarem preocupadas com Luciana. <\/p>\n<p>Devido aos problemas de press\u00e3o arterial de Luciana, Louren\u00e7o assina a autoriza\u00e7\u00e3o para fazer uma cesariana e o beb\u00e9 de Luciana nasce. Ela tem uma vis\u00e3o do menino e chama-o de Rodrigo. Aquiles vai a casa de Paz para lhes contar o que se passa com Luciana e oferece-se a leva-las \u00e0 capital. Patr\u00edcio telefona a Rodrigo e conta-lhe sobre o nascimento do beb\u00e9. Clara e Roselena combinam uma forma de fazer desaparecer o beb\u00e9 de Luciana.<\/p>\n<p>(*) edi\u00e7\u00e3o das novelas do SBT, \u201cUm Ref\u00fagio para o Amor\u201d, sujeito a altera\u00e7\u00e3o de data e conte\u00fado.<\/p>\n<p>Sinopse \u201cUm Ref\u00fagio para o Amor\u201d: Uma hist\u00f3ria de amor entre uma jovem linda, humilde, simples e trabalhadora que gera admira\u00e7\u00e3o entre os homens e inveja entre as mulheres, e que \u00e9 obrigada a fugir de sua cidade, para a capital, encontrando o amor em um homem rico, bonito, de classe, arrogante, amante de esportes radicais e com fama de conquistador, mas que \u00e9 generoso e atencioso. Eles ter\u00e3o que passar por muitas dificuldades para ficarem juntos.<\/p>\n<p>Estrelado por Zuria Vega e Gabriel Soto com um elenco de primeira classe, incluindo Jessica Coch, Roberto Bland\u00f3n, Laura Flores, Jos\u00e9 Carlos Ruiz, entre outros. Um ref\u00fagio para o amor \u00e9 uma novela mexicana produzida por Ignacio Sada Madero, originalmente por Delia Fiallo e adaptada por Georgina Tinoco.<\/p>\n","protected":false},"excerpt":{"rendered":"<p>Resumo da novela \u201cUm Ref\u00fagio para o Amor\u201d em 15\/11: no cap\u00edtulo 103(*) da novela, Patr\u00edcio consegue levantar os bra\u00e7os. Clara conta a Roselena que j\u00e1 sabe o sexo do beb\u00e9 e Rodrigo ouve tudo. Melissa, Aldo, Jana e patr\u00edcio visitam Luciana no seu apartamento para fazerem uma festa para o beb\u00e9. Rodrigo tamb\u00e9m vai [&hellip;]<\/p>\n","protected":false},"author":3,"featured_media":233921,"comment_status":"closed","ping_status":"closed","sticky":false,"template":"","format":"standard","meta":{"tdm_status":"","tdm_grid_status":"","footnotes":""},"categories":[379,2025,372,343,2310],"tags":[441],"class_list":{"0":"post-239393","1":"post","2":"type-post","3":"status-publish","4":"format-standard","5":"has-post-thumbnail","7":"category-novelas","8":"category-resumo","9":"category-sbt","10":"category-televisao","11":"category-um-refugio-para-o-amor","12":"tag-resumo-do-dia"},"_links":{"self":[{"href":"https:\/\/migracao.redenoticia.com.br\/noticia\/wp-json\/wp\/v2\/posts\/239393","targetHints":{"allow":["GET"]}}],"collection":[{"href":"https:\/\/migracao.redenoticia.com.br\/noticia\/wp-json\/wp\/v2\/posts"}],"about":[{"href":"https:\/\/migracao.redenoticia.com.br\/noticia\/wp-json\/wp\/v2\/types\/post"}],"author":[{"embeddable":true,"href":"https:\/\/migracao.redenoticia.com.br\/noticia\/wp-json\/wp\/v2\/users\/3"}],"replies":[{"embeddable":true,"href":"https:\/\/migracao.redenoticia.com.br\/noticia\/wp-json\/wp\/v2\/comments?post=239393"}],"version-history":[{"count":0,"href":"https:\/\/migracao.redenoticia.com.br\/noticia\/wp-json\/wp\/v2\/posts\/239393\/revisions"}],"wp:featuredmedia":[{"embeddable":true,"href":"https:\/\/migracao.redenoticia.com.br\/noticia\/wp-json\/wp\/v2\/media\/233921"}],"wp:attachment":[{"href":"https:\/\/migracao.redenoticia.com.br\/noticia\/wp-json\/wp\/v2\/media?parent=239393"}],"wp:term":[{"taxonomy":"category","embeddable":true,"href":"https:\/\/migracao.redenoticia.com.br\/noticia\/wp-json\/wp\/v2\/categories?post=239393"},{"taxonomy":"post_tag","embeddable":true,"href":"https:\/\/migracao.redenoticia.com.br\/noticia\/wp-json\/wp\/v2\/tags?post=239393"}],"curies":[{"name":"wp","href":"https:\/\/api.w.org\/{rel}","templated":true}]}}