{"id":2394,"date":"2009-06-05T13:43:04","date_gmt":"2009-06-05T17:43:04","guid":{"rendered":"http:\/\/www.redenoticia.com.br\/noticia\/?p=2394"},"modified":"2009-06-05T13:43:04","modified_gmt":"2009-06-05T17:43:04","slug":"eventos-culturais-recebem-apoio-em-rondonia","status":"publish","type":"post","link":"https:\/\/migracao.redenoticia.com.br\/noticia\/2009\/eventos-culturais-recebem-apoio-em-rondonia\/2394","title":{"rendered":"Eventos culturais recebem apoio em Rond\u00f4nia"},"content":{"rendered":"<p class=\"MsoNormal\"><span style=\"font-size: 11pt; font-family: Arial;\">Com a proposta de valorizar a cultura popular e apoiar iniciativas art\u00edsticas o governador Ivo Narciso Cassol assinou dois conv\u00eanios para eventos que incentivam e divulgam a arte e as tradi\u00e7\u00f5es folcl\u00f3ricas do estado: o Arraial Flor do Cacto e a pe\u00e7a teatral O homem de Nazar\u00e9. <\/span><\/p>\n<p class=\"MsoNormal\"><span style=\"font-size: 11pt; font-family: Arial;\"><!--[if gte vml 1]><v:shapetype  id=\"_x0000_t75\" coordsize=\"21600,21600\" o:spt=\"75\" o:preferrelative=\"t\"  path=\"m@4@5l@4@11@9@11@9@5xe\" filled=\"f\" stroked=\"f\"> <v:stroke joinstyle=\"miter\" \/> <v:formulas> <v:f eqn=\"if lineDrawn pixelLineWidth 0\" \/> <v:f eqn=\"sum @0 1 0\" \/> <v:f eqn=\"sum 0 0 @1\" \/> <v:f eqn=\"prod @2 1 2\" \/> <v:f eqn=\"prod @3 21600 pixelWidth\" \/> <v:f eqn=\"prod @3 21600 pixelHeight\" \/> <v:f eqn=\"sum @0 0 1\" \/> <v:f eqn=\"prod @6 1 2\" \/> <v:f eqn=\"prod @7 21600 pixelWidth\" \/> <v:f eqn=\"sum @8 21600 0\" \/> <v:f eqn=\"prod @7 21600 pixelHeight\" \/> <v:f eqn=\"sum @10 21600 0\" \/> <\/v:formulas> <v:path o:extrusionok=\"f\" gradientshapeok=\"t\" o:connecttype=\"rect\" \/> <o:lock v:ext=\"edit\" aspectratio=\"t\" \/> <\/v:shapetype><v:shape id=\"_x0000_i1025\" type=\"#_x0000_t75\" alt=\"\" style='width:.75pt;  height:.75pt'> <v:imagedata src=\"file:\/\/\/C:\\DOCUME~1\\Nova\\CONFIG~1\\Temp\\msohtml1\\01\\clip_image001.gif\"   o:href=\"http:\/\/www.rondonia.ro.gov.br\/imagens-site\/spacer.gif\" \/> <\/v:shape><![endif]--><!--[if !vml]--><img loading=\"lazy\" decoding=\"async\" src=\"file:\/\/\/C:\/DOCUME~1\/Nova\/CONFIG~1\/Temp\/msohtml1\/01\/clip_image001.gif\" alt=\"\" width=\"1\" height=\"1\" \/><!--[endif]--><\/span><\/p>\n<p class=\"MsoNormal\"><span style=\"font-size: 11pt; font-family: Arial;\"><\/span><\/p>\n<p class=\"MsoNormal\"><span style=\"font-size: 11pt; font-family: Arial;\">O Arraial Flor do Cacto recebeu R$ 20 mil para a infra-estrutura da festa que h\u00e1 12 anos promove o concurso de sele\u00e7\u00e3o dos grupos de bois-bumb\u00e1s e quadrilhas que se apresentam no Arraial Flor do Maracuj\u00e1. \u201cNossa festa sempre recebeu o apoio do Governo do Estado, um importante exemplo de preocupa\u00e7\u00e3o com nossa tradi\u00e7\u00e3o folcl\u00f3rica. Ficamos agradecidos por sempre poder contar com essa parceria\u201d, destaca J\u00fanior, organizador da festa.<\/span><\/p>\n<p class=\"MsoNormal\"><span style=\"font-size: 11pt; font-family: Arial;\">At\u00e9 domingo, das 19:00 \u00e0s 2:00 horas da madrugada, a popula\u00e7\u00e3o pode se divertir gratuitamente no Arraial Flor do Cacto onde, al\u00e9m das apresenta\u00e7\u00f5es de bois-bumb\u00e1s e quadrilhas, tem tamb\u00e9m barracas de comidas t\u00edpicas, parque de divers\u00e3o e bandas de forr\u00f3.<\/span><\/p>\n<p class=\"MsoNormal\"><strong><span style=\"font-size: 11pt; font-family: Arial;\">Homem de Nazar\u00e9<\/span><\/strong><span style=\"font-size: 11pt; font-family: Arial;\"><\/span><\/p>\n<p class=\"MsoNormal\"><span style=\"font-size: 11pt; font-family: Arial;\">A pe\u00e7a apresentada h\u00e1 32 anos em Rond\u00f4nia pelo grupo teatral \u00caxodo tem esse ano o Governo do Estado como seu principal patrocinador. A Secel disponibilizou um recurso no valor de R$137 mil para garantir que o evento fosse gratuito para a popula\u00e7\u00e3o. \u201cA arte \u00e9 uma das mais importantes express\u00f5es de um povo e a pe\u00e7a \u2018O Homem de Nazar\u00e9\u2019 \u00e9 um evento teatral que nasceu em Rond\u00f4nia e leva o nome do Estado para o Brasil e o mundo. Esse \u00e9 um investimento do governo para promover o desenvolvimento da cultura local e tamb\u00e9m para que a popula\u00e7\u00e3o rondoniense possa ter acesso ao espet\u00e1culo gratuitamente\u201d, lembrou Juc\u00e9lis Freitas, secret\u00e1rio da Secel.<\/span><\/p>\n<p class=\"MsoNormal\"><span style=\"font-size: 11pt; font-family: Arial;\">A pe\u00e7a teatral \u2018O Homem de Nazar\u00e9\u2019 ser\u00e1 encenada nos dias 11,12 e 13 de junho, em comemora\u00e7\u00e3o a Corpus Christi, na cidade cenogr\u00e1fica Jerusal\u00e9m de Amaz\u00f4nia, localizada no km 13, da BR 364. A entrada ser\u00e1 um quilo de alimento para ser doado a entidades de apoio a fam\u00edlias carentes. \u201cQueremos agradecer o apoio da Secel que sempre esteve conosco no projeto. Esse patroc\u00ednio mostra a preocupa\u00e7\u00e3o do Governo do Estado com o desenvolvimento da cultura local e o reconhecimento da contribui\u00e7\u00e3o do Grupo \u00caxodo com a arte rondoniense. Com esse recurso ser\u00e1 poss\u00edvel fazermos uma linda apresenta\u00e7\u00e3o e, o mais importante, sem cobrar ingresso do p\u00fablico\u201d, declarou Jos\u00e9 Monteiro.<\/span><\/p>\n<p class=\"MsoNormal\"><span style=\"font-size: 11pt; font-family: Arial;\"> <\/span><\/p>\n<p class=\"MsoNormal\"><strong><span style=\"font-size: 11pt; font-family: Arial;\">Fonte: <\/span><\/strong><span style=\"font-size: 11pt; font-family: Arial;\">A\/I SECEL &#8211; Secretaria da Cultura, Esportes e Lazer<\/span><\/p>\n","protected":false},"excerpt":{"rendered":"<p>Com a proposta de valorizar a cultura popular e apoiar iniciativas art\u00edsticas o governador Ivo Narciso Cassol assinou dois conv\u00eanios para eventos que incentivam e divulgam a arte e as tradi\u00e7\u00f5es folcl\u00f3ricas do estado: o Arraial Flor do Cacto e a pe\u00e7a teatral O homem de Nazar\u00e9. O Arraial Flor do Cacto recebeu R$ 20 [&hellip;]<\/p>\n","protected":false},"author":3,"featured_media":0,"comment_status":"open","ping_status":"open","sticky":false,"template":"","format":"standard","meta":{"tdm_status":"","tdm_grid_status":"","footnotes":""},"categories":[22],"tags":[],"class_list":{"0":"post-2394","1":"post","2":"type-post","3":"status-publish","4":"format-standard","6":"category-brasil"},"_links":{"self":[{"href":"https:\/\/migracao.redenoticia.com.br\/noticia\/wp-json\/wp\/v2\/posts\/2394","targetHints":{"allow":["GET"]}}],"collection":[{"href":"https:\/\/migracao.redenoticia.com.br\/noticia\/wp-json\/wp\/v2\/posts"}],"about":[{"href":"https:\/\/migracao.redenoticia.com.br\/noticia\/wp-json\/wp\/v2\/types\/post"}],"author":[{"embeddable":true,"href":"https:\/\/migracao.redenoticia.com.br\/noticia\/wp-json\/wp\/v2\/users\/3"}],"replies":[{"embeddable":true,"href":"https:\/\/migracao.redenoticia.com.br\/noticia\/wp-json\/wp\/v2\/comments?post=2394"}],"version-history":[{"count":0,"href":"https:\/\/migracao.redenoticia.com.br\/noticia\/wp-json\/wp\/v2\/posts\/2394\/revisions"}],"wp:attachment":[{"href":"https:\/\/migracao.redenoticia.com.br\/noticia\/wp-json\/wp\/v2\/media?parent=2394"}],"wp:term":[{"taxonomy":"category","embeddable":true,"href":"https:\/\/migracao.redenoticia.com.br\/noticia\/wp-json\/wp\/v2\/categories?post=2394"},{"taxonomy":"post_tag","embeddable":true,"href":"https:\/\/migracao.redenoticia.com.br\/noticia\/wp-json\/wp\/v2\/tags?post=2394"}],"curies":[{"name":"wp","href":"https:\/\/api.w.org\/{rel}","templated":true}]}}