{"id":239438,"date":"2023-11-15T14:53:14","date_gmt":"2023-11-15T17:53:14","guid":{"rendered":"https:\/\/www.redenoticia.com.br\/noticia\/?p=239438"},"modified":"2023-11-15T14:53:14","modified_gmt":"2023-11-15T17:53:14","slug":"resumo-elas-por-elas-16-11-erika-desconfia-de-edu","status":"publish","type":"post","link":"https:\/\/migracao.redenoticia.com.br\/noticia\/2023\/resumo-elas-por-elas-16-11-erika-desconfia-de-edu\/239438","title":{"rendered":"Resumo &#8220;Elas por Elas&#8221; 16\/11: \u00c9rika desconfia de Edu"},"content":{"rendered":"<p> <img loading=\"lazy\" decoding=\"async\" src=\"https:\/\/migracao.redenoticia.com.br\/noticia\/imagens\/elas-por-elas-resumo-elenco-globo.jpg\" alt=\"\" width=\"1280\" height=\"720\" class=\"aligncenter size-full wp-image-237222\" srcset=\"https:\/\/migracao.redenoticia.com.br\/noticia\/imagens\/elas-por-elas-resumo-elenco-globo.jpg 1280w, https:\/\/migracao.redenoticia.com.br\/noticia\/imagens\/elas-por-elas-resumo-elenco-globo-250x140.jpg 250w, https:\/\/migracao.redenoticia.com.br\/noticia\/imagens\/elas-por-elas-resumo-elenco-globo-400x225.jpg 400w, https:\/\/migracao.redenoticia.com.br\/noticia\/imagens\/elas-por-elas-resumo-elenco-globo-768x432.jpg 768w, https:\/\/migracao.redenoticia.com.br\/noticia\/imagens\/elas-por-elas-resumo-elenco-globo-150x84.jpg 150w\" sizes=\"auto, (max-width: 1280px) 100vw, 1280px\" \/><\/p>\n<p><strong><em>Resumo da novela &#8220;Elas por Elas&#8221;<\/em><\/strong> em 16\/11: no cap\u00edtulo 044(*) da novela, Roberto garante a Helena que Jonas se arrepender\u00e1 do div\u00f3rcio. S\u00e9rgio e \u00cdsis trocam elogios e se emocionam. M\u00edriam tenta descobrir algum segredo de Helena ou seu pai. Lara exige que M\u00e1rio descubra quem eram as outras amantes de \u00c1tila. Ta\u00eds pede para Pedro ficar com ela. Nat\u00e1lia relata a L\u00edgia uma lembran\u00e7a que teve com Bruno e Helena. \u00c9rika desconfia de Edu. <\/p>\n<p>Eug\u00eania decide ajudar M\u00e1rcia. Giovanni faz acusa\u00e7\u00f5es contra Jonas. Roberto e Helena armam contra Jonas. Carol gosta ver o entrosamento entre Nat\u00e1lia e Ulisses. \u00cdsis descobre sobre a discuss\u00e3o entre Jonas e Giovanni. M\u00e1rio conta sobre as amantes de \u00c1tila, e Ta\u00eds fica perturbada. Lara se lembra de ter visto o mesmo colar no pesco\u00e7o de uma mulher. Cris e Tony se beijam.<\/p>\n<p>(*) edi\u00e7\u00e3o das novelas da Globo, &#8220;Elas por Elas&#8221;, sujeito a altera\u00e7\u00e3o de data e conte\u00fado.<\/p>\n<p>Sinopse \u201cElas por Elas\u201d: A trama \u00e9 centrada na hist\u00f3ria de sete amigas dos tempos de col\u00e9gio que n\u00e3o se veem h\u00e1 vinte anos. A mais velha do grupo encontra uma foto das amigas e uma onda de lembran\u00e7as e saudosismo invade sua cabe\u00e7a. Com vontade de reencontr\u00e1-las, ela decide localizar uma por uma e promove uma reuni\u00e3o em sua casa. Todas comparecem ao evento, felizes com o reencontro. No entanto, as lembran\u00e7as do passado e coincid\u00eancias do presente v\u00eam \u00e0 tona, afetando novamente a vida de todas do grupo.<\/p>\n","protected":false},"excerpt":{"rendered":"<p>Resumo da novela &#8220;Elas por Elas&#8221; em 16\/11: no cap\u00edtulo 044(*) da novela, Roberto garante a Helena que Jonas se arrepender\u00e1 do div\u00f3rcio. S\u00e9rgio e \u00cdsis trocam elogios e se emocionam. M\u00edriam tenta descobrir algum segredo de Helena ou seu pai. Lara exige que M\u00e1rio descubra quem eram as outras amantes de \u00c1tila. Ta\u00eds pede [&hellip;]<\/p>\n","protected":false},"author":4,"featured_media":237224,"comment_status":"closed","ping_status":"closed","sticky":false,"template":"","format":"standard","meta":{"tdm_status":"","tdm_grid_status":"","footnotes":""},"categories":[2318,379,375,2025,343],"tags":[441],"class_list":{"0":"post-239438","1":"post","2":"type-post","3":"status-publish","4":"format-standard","5":"has-post-thumbnail","7":"category-elas-por-elas","8":"category-novelas","9":"category-rede-globo","10":"category-resumo","11":"category-televisao","12":"tag-resumo-do-dia"},"_links":{"self":[{"href":"https:\/\/migracao.redenoticia.com.br\/noticia\/wp-json\/wp\/v2\/posts\/239438","targetHints":{"allow":["GET"]}}],"collection":[{"href":"https:\/\/migracao.redenoticia.com.br\/noticia\/wp-json\/wp\/v2\/posts"}],"about":[{"href":"https:\/\/migracao.redenoticia.com.br\/noticia\/wp-json\/wp\/v2\/types\/post"}],"author":[{"embeddable":true,"href":"https:\/\/migracao.redenoticia.com.br\/noticia\/wp-json\/wp\/v2\/users\/4"}],"replies":[{"embeddable":true,"href":"https:\/\/migracao.redenoticia.com.br\/noticia\/wp-json\/wp\/v2\/comments?post=239438"}],"version-history":[{"count":0,"href":"https:\/\/migracao.redenoticia.com.br\/noticia\/wp-json\/wp\/v2\/posts\/239438\/revisions"}],"wp:featuredmedia":[{"embeddable":true,"href":"https:\/\/migracao.redenoticia.com.br\/noticia\/wp-json\/wp\/v2\/media\/237224"}],"wp:attachment":[{"href":"https:\/\/migracao.redenoticia.com.br\/noticia\/wp-json\/wp\/v2\/media?parent=239438"}],"wp:term":[{"taxonomy":"category","embeddable":true,"href":"https:\/\/migracao.redenoticia.com.br\/noticia\/wp-json\/wp\/v2\/categories?post=239438"},{"taxonomy":"post_tag","embeddable":true,"href":"https:\/\/migracao.redenoticia.com.br\/noticia\/wp-json\/wp\/v2\/tags?post=239438"}],"curies":[{"name":"wp","href":"https:\/\/api.w.org\/{rel}","templated":true}]}}