{"id":239442,"date":"2023-11-15T15:00:40","date_gmt":"2023-11-15T18:00:40","guid":{"rendered":"https:\/\/www.redenoticia.com.br\/noticia\/?p=239442"},"modified":"2023-11-15T15:00:40","modified_gmt":"2023-11-15T18:00:40","slug":"resumo-iludida-16-11-leyla-pede-ajuda-a-volkan","status":"publish","type":"post","link":"https:\/\/migracao.redenoticia.com.br\/noticia\/2023\/resumo-iludida-16-11-leyla-pede-ajuda-a-volkan\/239442","title":{"rendered":"Resumo \u201cIludida\u201d 16\/11: Leyla pede ajuda a Volkan"},"content":{"rendered":"<p> <img loading=\"lazy\" decoding=\"async\" class=\"aligncenter size-full wp-image-235992\" src=\"https:\/\/migracao.redenoticia.com.br\/noticia\/imagens\/novela-iludida-logo-resumo-canal-tnt.jpg\" alt=\"\" width=\"1280\" height=\"720\" srcset=\"https:\/\/migracao.redenoticia.com.br\/noticia\/imagens\/novela-iludida-logo-resumo-canal-tnt.jpg 1280w, https:\/\/migracao.redenoticia.com.br\/noticia\/imagens\/novela-iludida-logo-resumo-canal-tnt-250x140.jpg 250w, https:\/\/migracao.redenoticia.com.br\/noticia\/imagens\/novela-iludida-logo-resumo-canal-tnt-400x225.jpg 400w, https:\/\/migracao.redenoticia.com.br\/noticia\/imagens\/novela-iludida-logo-resumo-canal-tnt-768x432.jpg 768w, https:\/\/migracao.redenoticia.com.br\/noticia\/imagens\/novela-iludida-logo-resumo-canal-tnt-150x84.jpg 150w\" sizes=\"auto, (max-width: 1280px) 100vw, 1280px\" \/><\/p>\n<p><strong><em>Resumo da novela \u201cIludida\u201d<\/em><\/strong> em 16\/11: no cap\u00edtulo 104(*) da novela, Volkan sai de uma reuni\u00e3o de trabalho e percebe que algu\u00e9m o est\u00e1 seguindo. Com ast\u00facia, ele conduz o espi\u00e3o at\u00e9 uma estrada pouco movimentada e o obriga a descer do ve\u00edculo. Depois de pression\u00e1-lo contra o cap\u00f4 do carro, ele exige que diga para quem trabalha. G\u00fcrsel n\u00e3o tem escolha a n\u00e3o ser confessar que Derin o contratou como detetive: &#8220;Ela me pediu para inform\u00e1-la de todos os seus movimentos e eu o fiz.&#8221; G\u00f6nul tamb\u00e9m o contatou e ela ordenou que ele passasse para a filha apenas as informa\u00e7\u00f5es que considerasse relevantes. Ela n\u00e3o queria que Derin acabasse perdendo a cabe\u00e7a e a cust\u00f3dia de Zeynep. <\/p>\n<p>Derin pede que Asya n\u00e3o diga nada a Volkan. Como Leyla e Volkan querem a mesma coisa, ela pede sua ajuda. Depois de descobrir que sua m\u00e3e tem visto Aras, Ali fica louco. Bahar e Melih est\u00e3o preocupados com seu beb\u00ea. &#8230; Bahar, apesar das indica\u00e7\u00f5es dos m\u00e9dicos, decide continuar com o processo de gesta\u00e7\u00e3o. Tudo o que ela quer \u00e9 que seu beb\u00ea nas\u00e7a bem. <\/p>\n<p>Volkan exp\u00f5e todos os segredos da fam\u00edlia G\u00fc\u00e7l\u00fc, e Ali fica louco quando v\u00ea Aras pedindo sua m\u00e3e em casamento. Derin \u00e9 rejeitada por todos pelo que fez, e Volkan avisa seu filho para n\u00e3o deixar a m\u00e3e sozinha com Aras. &#8230;Ao cair da noite, Volkan aparece no restaurante de Sel\u00e7uck onde, em cumplicidade com seus irm\u00e3os, organizou um jantar em fam\u00edlia para Haluk e G\u00f6nul, esperando que eles se reconciliem de uma vez por todas. A noite passa lindamente e parece que o casal est\u00e1 prestes a fazer as pazes. O arquiteto interrompe o jantar e exp\u00f5e Derin na frente de seus pais: \u201cEu sei que voc\u00eas mandaram me seguir, voc\u00eas s\u00e3o desprez\u00edveis \u201d . Al\u00e9m disso, ele comenta diante de todos sobre o envolvimento de G\u00f6nul em todo esse assunto. Haluk, muito desapontado com a filha, deixa o local. N\u00e3o sem antes deixar claro para sua ainda esposa que o processo de div\u00f3rcio vai continuar. Por outro lado, Asya concorda em ir jantar na casa de Aras. O casal curte momentos rom\u00e2nticos a s\u00f3s e at\u00e9 dan\u00e7am abra\u00e7ados. Eles est\u00e3o felizes porque o div\u00f3rcio do empres\u00e1rio com Leyla est\u00e1 indo muito bem. A certa altura, Aras tira um anel do bolso e pede Asya em casamento. Volkan e Ali, que est\u00e3o olhando pela janela, come\u00e7am a gritar.<\/p>\n<p>(*) edi\u00e7\u00e3o das novelas da TNT\/HBO, \u201cIludida\u201d, sujeito a altera\u00e7\u00e3o de data e conte\u00fado.<\/p>\n<p>Sinopse &#8220;Iludida&#8221;: Com apenas 37 anos, Asya \u00e9 vice-diretora e m\u00e9dica em um hospital da cidade de Tekirdag. Al\u00e9m de ter uma carreira profissional de sucesso, leva uma vida tranquila com o seu marido Volkan e seu filho Ali. Ela parece ter tudo: um trabalho perfeito, uma casa linda e uma fam\u00edlia feliz. Asya se sente a mulher mais sortuda do mundo, o que mais ela poderia pedir? Tudo na sua vida parecia ser cor-de-rosa, at\u00e9 que ela descobre um cabelo loiro no cachecol do seu marido, o que a transforma em uma pessoa obsessiva e incapaz de confiar nas pessoas ao seu redor. Por\u00e9m, ela n\u00e3o se engana em desconfiar deles: aos poucos, Asya descobre uma rede de mentiras que a leva a perceber que a sua vida n\u00e3o era t\u00e3o perfeita como ela pensava.<\/p>\n","protected":false},"excerpt":{"rendered":"<p>Resumo da novela \u201cIludida\u201d em 16\/11: no cap\u00edtulo 104(*) da novela, Volkan sai de uma reuni\u00e3o de trabalho e percebe que algu\u00e9m o est\u00e1 seguindo. Com ast\u00facia, ele conduz o espi\u00e3o at\u00e9 uma estrada pouco movimentada e o obriga a descer do ve\u00edculo. Depois de pression\u00e1-lo contra o cap\u00f4 do carro, ele exige que diga [&hellip;]<\/p>\n","protected":false},"author":3,"featured_media":235991,"comment_status":"closed","ping_status":"closed","sticky":false,"template":"","format":"standard","meta":{"tdm_status":"","tdm_grid_status":"","footnotes":""},"categories":[2317,379,2025,343,2315],"tags":[441],"class_list":{"0":"post-239442","1":"post","2":"type-post","3":"status-publish","4":"format-standard","5":"has-post-thumbnail","7":"category-iludida","8":"category-novelas","9":"category-resumo","10":"category-televisao","11":"category-tnt","12":"tag-resumo-do-dia"},"_links":{"self":[{"href":"https:\/\/migracao.redenoticia.com.br\/noticia\/wp-json\/wp\/v2\/posts\/239442","targetHints":{"allow":["GET"]}}],"collection":[{"href":"https:\/\/migracao.redenoticia.com.br\/noticia\/wp-json\/wp\/v2\/posts"}],"about":[{"href":"https:\/\/migracao.redenoticia.com.br\/noticia\/wp-json\/wp\/v2\/types\/post"}],"author":[{"embeddable":true,"href":"https:\/\/migracao.redenoticia.com.br\/noticia\/wp-json\/wp\/v2\/users\/3"}],"replies":[{"embeddable":true,"href":"https:\/\/migracao.redenoticia.com.br\/noticia\/wp-json\/wp\/v2\/comments?post=239442"}],"version-history":[{"count":0,"href":"https:\/\/migracao.redenoticia.com.br\/noticia\/wp-json\/wp\/v2\/posts\/239442\/revisions"}],"wp:featuredmedia":[{"embeddable":true,"href":"https:\/\/migracao.redenoticia.com.br\/noticia\/wp-json\/wp\/v2\/media\/235991"}],"wp:attachment":[{"href":"https:\/\/migracao.redenoticia.com.br\/noticia\/wp-json\/wp\/v2\/media?parent=239442"}],"wp:term":[{"taxonomy":"category","embeddable":true,"href":"https:\/\/migracao.redenoticia.com.br\/noticia\/wp-json\/wp\/v2\/categories?post=239442"},{"taxonomy":"post_tag","embeddable":true,"href":"https:\/\/migracao.redenoticia.com.br\/noticia\/wp-json\/wp\/v2\/tags?post=239442"}],"curies":[{"name":"wp","href":"https:\/\/api.w.org\/{rel}","templated":true}]}}