{"id":239510,"date":"2023-11-17T11:32:58","date_gmt":"2023-11-17T14:32:58","guid":{"rendered":"https:\/\/www.redenoticia.com.br\/noticia\/?p=239510"},"modified":"2023-11-17T18:30:01","modified_gmt":"2023-11-17T21:30:01","slug":"resumo-mulheres-apaixonadas-20-11-teo-revela-para-laura-a-historia-de-lucas-e-salete","status":"publish","type":"post","link":"https:\/\/migracao.redenoticia.com.br\/noticia\/2023\/resumo-mulheres-apaixonadas-20-11-teo-revela-para-laura-a-historia-de-lucas-e-salete\/239510","title":{"rendered":"Resumo &#8220;Mulheres Apaixonadas&#8221; 20\/11: T\u00e9o revela para Laura a hist\u00f3ria de Lucas e Salete"},"content":{"rendered":"<p> <img loading=\"lazy\" decoding=\"async\" src=\"https:\/\/migracao.redenoticia.com.br\/noticia\/imagens\/mulheres-apaixonadas-resumo-vale-a-pena-ver-de-novo.jpg\" alt=\"\" width=\"1280\" height=\"720\" class=\"aligncenter size-full wp-image-233044\" srcset=\"https:\/\/migracao.redenoticia.com.br\/noticia\/imagens\/mulheres-apaixonadas-resumo-vale-a-pena-ver-de-novo.jpg 1280w, https:\/\/migracao.redenoticia.com.br\/noticia\/imagens\/mulheres-apaixonadas-resumo-vale-a-pena-ver-de-novo-250x140.jpg 250w, https:\/\/migracao.redenoticia.com.br\/noticia\/imagens\/mulheres-apaixonadas-resumo-vale-a-pena-ver-de-novo-400x225.jpg 400w, https:\/\/migracao.redenoticia.com.br\/noticia\/imagens\/mulheres-apaixonadas-resumo-vale-a-pena-ver-de-novo-768x432.jpg 768w, https:\/\/migracao.redenoticia.com.br\/noticia\/imagens\/mulheres-apaixonadas-resumo-vale-a-pena-ver-de-novo-150x84.jpg 150w\" sizes=\"auto, (max-width: 1280px) 100vw, 1280px\" \/><\/p>\n<p><em><strong>Resumo da novela &#8220;Mulheres Apaixonadas&#8221;<\/strong><\/em> em 20\/11: no cap\u00edtulo 126(*) da novela, Helena comenta com Adelaide que est\u00e1 pensando em se casar. Laura leva Salete na igreja que tem o nome dela. Santana se consulta com Isabel, uma psic\u00f3loga, mas garante que n\u00e3o \u00e9 alco\u00f3latra. Isabel avisa que ela vai voltar a beber se n\u00e3o admitir sua doen\u00e7a e que dever\u00e1 se tratar. Celeste se despede de Marta. Silvia pergunta a Gracinha como est\u00e1 o beb\u00ea, deixando Marta irritada.<\/p>\n<p>Hilda enfrenta os efeitos do tratamento: Carlinhos se sente intimidado por Zilda. Santana acaba bebendo o vinho do Porto. Hilda fica chocada quando seu cabelo come\u00e7a a cair, mas Leandro e Elisa a consolam. Shirley avisa para Silvia que Afr\u00e2nio voltou de viagem. Paulinha n\u00e3o quer aceitar a presen\u00e7a de Nair na casa de Oswaldo. <\/p>\n<p>Ana pergunta a Paulinha se ela vai continuar morando na casa de Marcinha depois que as aulas acabarem no col\u00e9gio, deixando a menina pensativa quanto ao seu futuro. T\u00e9o revela para Laura a hist\u00f3ria de Lucas e Salete. Silvia e Afr\u00e2nio conversam sobre sua separa\u00e7\u00e3o amigavelmente. T\u00e9o explica para Laura que quer saber se Lucas e Salete s\u00e3o seus filhos. Santana bebe demais e deixa o g\u00e1s do fog\u00e3o escapando.  <\/p>\n<p>(*) edi\u00e7\u00e3o das novelas da Globo, &#8220;Mulheres Apaixonadas&#8221;, sujeito a altera\u00e7\u00e3o de data e conte\u00fado.<\/p>\n<p>Sinopse &#8220;Mulheres Apaixonadas&#8221;: Helena vive um casamento com T\u00e9o e passa a se questionar se \u00e9 feliz. Helena tem duas irm\u00e3s, Hilda e Helo\u00edsa, tamb\u00e9m casadas. Hilda \u00e9 casada com Leandro e Helo\u00edsa \u00e9 casada com S\u00e9rgio, por quem nutre um ci\u00fame doentio. Grandes amigas, as tr\u00eas irm\u00e3s compartilham suas ang\u00fastias e incertezas sobre o futuro e a felicidade. <\/p>\n<p>Helena desconfia de um caso de T\u00e9o com Fernanda, uma ex-garota de programa. Deste relacionamento nasceu Lucas, filho adotivo do casal, fato que Helena desconhece mas que acaba por descobrir depois da morte de Fernanda. Helena reencontra C\u00e9sar, um antigo namorado. C\u00e9sar, que ficou vi\u00favo, est\u00e1 morando na mesma cidade. C\u00e9sar se ressentiu pelo abandono que sofreu por Helena e tornou-se um homem rude.<\/p>\n","protected":false},"excerpt":{"rendered":"<p>Resumo da novela &#8220;Mulheres Apaixonadas&#8221; em 20\/11: no cap\u00edtulo 126(*) da novela, Helena comenta com Adelaide que est\u00e1 pensando em se casar. Laura leva Salete na igreja que tem o nome dela. Santana se consulta com Isabel, uma psic\u00f3loga, mas garante que n\u00e3o \u00e9 alco\u00f3latra. Isabel avisa que ela vai voltar a beber se n\u00e3o [&hellip;]<\/p>\n","protected":false},"author":2,"featured_media":233056,"comment_status":"closed","ping_status":"closed","sticky":false,"template":"","format":"standard","meta":{"tdm_status":"","tdm_grid_status":"","footnotes":""},"categories":[2307,379,375,2025,343],"tags":[441],"class_list":{"0":"post-239510","1":"post","2":"type-post","3":"status-publish","4":"format-standard","5":"has-post-thumbnail","7":"category-mulheres-apaixonadas","8":"category-novelas","9":"category-rede-globo","10":"category-resumo","11":"category-televisao","12":"tag-resumo-do-dia"},"_links":{"self":[{"href":"https:\/\/migracao.redenoticia.com.br\/noticia\/wp-json\/wp\/v2\/posts\/239510","targetHints":{"allow":["GET"]}}],"collection":[{"href":"https:\/\/migracao.redenoticia.com.br\/noticia\/wp-json\/wp\/v2\/posts"}],"about":[{"href":"https:\/\/migracao.redenoticia.com.br\/noticia\/wp-json\/wp\/v2\/types\/post"}],"author":[{"embeddable":true,"href":"https:\/\/migracao.redenoticia.com.br\/noticia\/wp-json\/wp\/v2\/users\/2"}],"replies":[{"embeddable":true,"href":"https:\/\/migracao.redenoticia.com.br\/noticia\/wp-json\/wp\/v2\/comments?post=239510"}],"version-history":[{"count":0,"href":"https:\/\/migracao.redenoticia.com.br\/noticia\/wp-json\/wp\/v2\/posts\/239510\/revisions"}],"wp:featuredmedia":[{"embeddable":true,"href":"https:\/\/migracao.redenoticia.com.br\/noticia\/wp-json\/wp\/v2\/media\/233056"}],"wp:attachment":[{"href":"https:\/\/migracao.redenoticia.com.br\/noticia\/wp-json\/wp\/v2\/media?parent=239510"}],"wp:term":[{"taxonomy":"category","embeddable":true,"href":"https:\/\/migracao.redenoticia.com.br\/noticia\/wp-json\/wp\/v2\/categories?post=239510"},{"taxonomy":"post_tag","embeddable":true,"href":"https:\/\/migracao.redenoticia.com.br\/noticia\/wp-json\/wp\/v2\/tags?post=239510"}],"curies":[{"name":"wp","href":"https:\/\/api.w.org\/{rel}","templated":true}]}}