{"id":239512,"date":"2023-11-17T11:34:17","date_gmt":"2023-11-17T14:34:17","guid":{"rendered":"https:\/\/www.redenoticia.com.br\/noticia\/?p=239512"},"modified":"2023-11-17T11:34:17","modified_gmt":"2023-11-17T14:34:17","slug":"resumo-elas-por-elas-18-11-cris-conta-para-lara-que-tais-esta-gravida","status":"publish","type":"post","link":"https:\/\/migracao.redenoticia.com.br\/noticia\/2023\/resumo-elas-por-elas-18-11-cris-conta-para-lara-que-tais-esta-gravida\/239512","title":{"rendered":"Resumo &#8220;Elas por Elas&#8221; 18\/11: Cris conta para Lara que Ta\u00eds est\u00e1 gr\u00e1vida"},"content":{"rendered":"<p> <img loading=\"lazy\" decoding=\"async\" src=\"https:\/\/migracao.redenoticia.com.br\/noticia\/imagens\/elas-por-elas-resumo-elenco-globo.jpg\" alt=\"\" width=\"1280\" height=\"720\" class=\"aligncenter size-full wp-image-237222\" srcset=\"https:\/\/migracao.redenoticia.com.br\/noticia\/imagens\/elas-por-elas-resumo-elenco-globo.jpg 1280w, https:\/\/migracao.redenoticia.com.br\/noticia\/imagens\/elas-por-elas-resumo-elenco-globo-250x140.jpg 250w, https:\/\/migracao.redenoticia.com.br\/noticia\/imagens\/elas-por-elas-resumo-elenco-globo-400x225.jpg 400w, https:\/\/migracao.redenoticia.com.br\/noticia\/imagens\/elas-por-elas-resumo-elenco-globo-768x432.jpg 768w, https:\/\/migracao.redenoticia.com.br\/noticia\/imagens\/elas-por-elas-resumo-elenco-globo-150x84.jpg 150w\" sizes=\"auto, (max-width: 1280px) 100vw, 1280px\" \/><\/p>\n<p><strong><em>Resumo da novela &#8220;Elas por Elas&#8221;<\/em><\/strong> em 18\/11: no cap\u00edtulo 046(*) da novela, Edu convence M\u00e1rio a desistir de contar para \u00c9rica, e marca um encontro com Ceci. M\u00edriam ajuda Helena a parecer mais abatida. Outras modelos decidem se juntar a Ta\u00eds na causa contra Silas. Giovanni sugere que a Hel\u00e0ne invista em uma linha de cosm\u00e9ticos para gr\u00e1vidas. <\/p>\n<p>Nat\u00e1lia descobre a gravidez de Ta\u00eds e conta para Carol. Eug\u00eania avisa a M\u00e1rcia que combinou de Vic fazer aulas particulares com ela. Ta\u00eds conta para M\u00e1rio e Evil\u00e1sio sobre sua gravidez. Adriana conta para Jonas sobre o pai de \u00cdsis. \u00cdsis agradece a S\u00e9rgio pela doa\u00e7\u00e3o. Cris conta para Lara que Ta\u00eds est\u00e1 gr\u00e1vida. \u00c9rica flagra Edu com outra, e acaba sofrendo um atropelamento.<\/p>\n<p>(*) edi\u00e7\u00e3o das novelas da Globo, &#8220;Elas por Elas&#8221;, sujeito a altera\u00e7\u00e3o de data e conte\u00fado.<\/p>\n<p>Sinopse \u201cElas por Elas\u201d: A trama \u00e9 centrada na hist\u00f3ria de sete amigas dos tempos de col\u00e9gio que n\u00e3o se veem h\u00e1 vinte anos. A mais velha do grupo encontra uma foto das amigas e uma onda de lembran\u00e7as e saudosismo invade sua cabe\u00e7a. Com vontade de reencontr\u00e1-las, ela decide localizar uma por uma e promove uma reuni\u00e3o em sua casa. Todas comparecem ao evento, felizes com o reencontro. No entanto, as lembran\u00e7as do passado e coincid\u00eancias do presente v\u00eam \u00e0 tona, afetando novamente a vida de todas do grupo.<\/p>\n","protected":false},"excerpt":{"rendered":"<p>Resumo da novela &#8220;Elas por Elas&#8221; em 18\/11: no cap\u00edtulo 046(*) da novela, Edu convence M\u00e1rio a desistir de contar para \u00c9rica, e marca um encontro com Ceci. M\u00edriam ajuda Helena a parecer mais abatida. Outras modelos decidem se juntar a Ta\u00eds na causa contra Silas. Giovanni sugere que a Hel\u00e0ne invista em uma linha [&hellip;]<\/p>\n","protected":false},"author":4,"featured_media":237224,"comment_status":"closed","ping_status":"closed","sticky":false,"template":"","format":"standard","meta":{"tdm_status":"","tdm_grid_status":"","footnotes":""},"categories":[2318,379,375,2025,343],"tags":[441],"class_list":{"0":"post-239512","1":"post","2":"type-post","3":"status-publish","4":"format-standard","5":"has-post-thumbnail","7":"category-elas-por-elas","8":"category-novelas","9":"category-rede-globo","10":"category-resumo","11":"category-televisao","12":"tag-resumo-do-dia"},"_links":{"self":[{"href":"https:\/\/migracao.redenoticia.com.br\/noticia\/wp-json\/wp\/v2\/posts\/239512","targetHints":{"allow":["GET"]}}],"collection":[{"href":"https:\/\/migracao.redenoticia.com.br\/noticia\/wp-json\/wp\/v2\/posts"}],"about":[{"href":"https:\/\/migracao.redenoticia.com.br\/noticia\/wp-json\/wp\/v2\/types\/post"}],"author":[{"embeddable":true,"href":"https:\/\/migracao.redenoticia.com.br\/noticia\/wp-json\/wp\/v2\/users\/4"}],"replies":[{"embeddable":true,"href":"https:\/\/migracao.redenoticia.com.br\/noticia\/wp-json\/wp\/v2\/comments?post=239512"}],"version-history":[{"count":0,"href":"https:\/\/migracao.redenoticia.com.br\/noticia\/wp-json\/wp\/v2\/posts\/239512\/revisions"}],"wp:featuredmedia":[{"embeddable":true,"href":"https:\/\/migracao.redenoticia.com.br\/noticia\/wp-json\/wp\/v2\/media\/237224"}],"wp:attachment":[{"href":"https:\/\/migracao.redenoticia.com.br\/noticia\/wp-json\/wp\/v2\/media?parent=239512"}],"wp:term":[{"taxonomy":"category","embeddable":true,"href":"https:\/\/migracao.redenoticia.com.br\/noticia\/wp-json\/wp\/v2\/categories?post=239512"},{"taxonomy":"post_tag","embeddable":true,"href":"https:\/\/migracao.redenoticia.com.br\/noticia\/wp-json\/wp\/v2\/tags?post=239512"}],"curies":[{"name":"wp","href":"https:\/\/api.w.org\/{rel}","templated":true}]}}