{"id":239594,"date":"2023-11-20T10:29:39","date_gmt":"2023-11-20T13:29:39","guid":{"rendered":"https:\/\/www.redenoticia.com.br\/noticia\/?p=239594"},"modified":"2023-11-20T10:29:39","modified_gmt":"2023-11-20T13:29:39","slug":"resumo-meu-pecado-21-11-lucrecia-apresenta-seu-bebe-para-rosario","status":"publish","type":"post","link":"https:\/\/migracao.redenoticia.com.br\/noticia\/2023\/resumo-meu-pecado-21-11-lucrecia-apresenta-seu-bebe-para-rosario\/239594","title":{"rendered":"Resumo \u201cMeu Pecado\u201d 21\/11: Lucr\u00e9cia apresenta seu beb\u00ea para Ros\u00e1rio"},"content":{"rendered":"<p> <img loading=\"lazy\" decoding=\"async\" class=\"aligncenter size-full wp-image-235437\" src=\"https:\/\/migracao.redenoticia.com.br\/noticia\/imagens\/novela-meu-pecado-resumo-capitulos-elenco-personagens-logo-redenoticia-sbt.jpg\" alt=\"\" width=\"1280\" height=\"720\" srcset=\"https:\/\/migracao.redenoticia.com.br\/noticia\/imagens\/novela-meu-pecado-resumo-capitulos-elenco-personagens-logo-redenoticia-sbt.jpg 1280w, https:\/\/migracao.redenoticia.com.br\/noticia\/imagens\/novela-meu-pecado-resumo-capitulos-elenco-personagens-logo-redenoticia-sbt-250x140.jpg 250w, https:\/\/migracao.redenoticia.com.br\/noticia\/imagens\/novela-meu-pecado-resumo-capitulos-elenco-personagens-logo-redenoticia-sbt-400x225.jpg 400w, https:\/\/migracao.redenoticia.com.br\/noticia\/imagens\/novela-meu-pecado-resumo-capitulos-elenco-personagens-logo-redenoticia-sbt-768x432.jpg 768w, https:\/\/migracao.redenoticia.com.br\/noticia\/imagens\/novela-meu-pecado-resumo-capitulos-elenco-personagens-logo-redenoticia-sbt-150x84.jpg 150w\" sizes=\"auto, (max-width: 1280px) 100vw, 1280px\" \/><\/p>\n<p><strong><em>Resumo da novela \u201cMeu Pecado\u201d<\/em><\/strong> em 21\/11: no cap\u00edtulo 082(*) da novela, Ros\u00e1rio decide ent\u00e3o contar o segredo que guardou durante anos e diz a Lucr\u00e9cia que foi violentada pelo pr\u00f3prio pai e que ela \u00e9 o fruto dessa viol\u00eancia. Lucr\u00e9cia, em choque, diante da revela\u00e7\u00e3o diz a Ros\u00e1rio que n\u00e3o \u00e9 culpada pelo que aconteceu e diz que sempre a amar\u00e1 como sua m\u00e3e. <\/p>\n<p>No dia do casamento, Lucr\u00e9cia lamenta a aus\u00eancia da m\u00e3e. Justina tamb\u00e9m n\u00e3o comparece porque deixou o povoado e Juliano n\u00e3o sabe de seu paradeiro. Ros\u00e1rio passa em frente \u00e0 igreja e observa a cerim\u00f4nia de longe.<\/p>\n<p>Padre Matias declara Lucr\u00e9cia e Juliano. Ros\u00e1rio est\u00e1 trancada em seu quarto quando Delfina avisa que j\u00e1 nasceu seu neto. O casal est\u00e1 feliz com o nascimento do beb\u00ea e Lucr\u00e9cia pergunta a Juliano se n\u00e3o quer fazer o teste para saber se ele \u00e9 o pai. Juliano a interrompe e diz n\u00e3o ter nenhuma d\u00favida de que o filho \u00e9 seu. Josu\u00e9 e Branca comunicam ao padre Matias que v\u00e3o viver na selva para ajudar os mais necessitados.<\/p>\n<p>Lucr\u00e9cia apresenta seu beb\u00ea para Ros\u00e1rio e diz que se chama C\u00e9sar. Lucr\u00e9cia deixa o beb\u00ea com a m\u00e3e e vai conversar com Delfina, ao voltar, n\u00e3o encontra a m\u00e3e nem o beb\u00ea. Elas procuram desesperadamente. Ros\u00e1rio vai at\u00e9 a beira do rio e relembra a inf\u00e2ncia de seus filhos e depois se joga nas \u00e1guas at\u00e9 afundar. Tr\u00eas anos depois, Lucr\u00e9cia, Juliano e o filho visitam o local como uma fam\u00edlia feliz e jogam rosas no rio. <\/p>\n<p>(*) edi\u00e7\u00e3o das novelas do SBT, \u201cMeu Pecado\u201d, sujeito a altera\u00e7\u00e3o de data e conte\u00fado.<\/p>\n<p>Sinopse \u201cMeu Pecado\u201d: Com o passar dos anos, Lucr\u00e9cia (Maite Perroni) e Juliano (Eugenio Siller) se reencontram e seu amor renasce. Lucr\u00e9cia n\u00e3o volta sozinha, vem acompanhada de sua prima Renata (Jessica Coch), que assassinou a diretora do internato em que ela e Lucr\u00e9cia estudavam. Paulino sofre uma crise econ\u00f4mica e Ramiro exige casar com sua filha Lucr\u00e9cia. Mas Carmelo se imp\u00f5e contra o casamento, e o assassina a tiros.<\/p>\n<p>Juliano \u00e9 acusado injustamente por este crime e com isso Lucr\u00e9cia se v\u00ea obrigada a casar-se com Carmelo para evitar a ru\u00edna de seu pai e que Juliano fosse acusado injustamente. Juliano vai embora do povoado, convencido de que Lucr\u00e9cia o traiu. Um tempo depois, Carmelo fica sabendo que Juliano voltou e se inicia a guerra entre os dois pelo amor de Lucr\u00e9cia. No final, Lucr\u00e9cia descobre o porque da rejei\u00e7\u00e3o misteriosa da sua m\u00e3e.<\/p>\n","protected":false},"excerpt":{"rendered":"<p>Resumo da novela \u201cMeu Pecado\u201d em 21\/11: no cap\u00edtulo 082(*) da novela, Ros\u00e1rio decide ent\u00e3o contar o segredo que guardou durante anos e diz a Lucr\u00e9cia que foi violentada pelo pr\u00f3prio pai e que ela \u00e9 o fruto dessa viol\u00eancia. Lucr\u00e9cia, em choque, diante da revela\u00e7\u00e3o diz a Ros\u00e1rio que n\u00e3o \u00e9 culpada pelo que [&hellip;]<\/p>\n","protected":false},"author":4,"featured_media":235438,"comment_status":"closed","ping_status":"closed","sticky":false,"template":"","format":"standard","meta":{"tdm_status":"","tdm_grid_status":"","footnotes":""},"categories":[2313,379,2025,372,343],"tags":[441],"class_list":{"0":"post-239594","1":"post","2":"type-post","3":"status-publish","4":"format-standard","5":"has-post-thumbnail","7":"category-meu-pecado","8":"category-novelas","9":"category-resumo","10":"category-sbt","11":"category-televisao","12":"tag-resumo-do-dia"},"_links":{"self":[{"href":"https:\/\/migracao.redenoticia.com.br\/noticia\/wp-json\/wp\/v2\/posts\/239594","targetHints":{"allow":["GET"]}}],"collection":[{"href":"https:\/\/migracao.redenoticia.com.br\/noticia\/wp-json\/wp\/v2\/posts"}],"about":[{"href":"https:\/\/migracao.redenoticia.com.br\/noticia\/wp-json\/wp\/v2\/types\/post"}],"author":[{"embeddable":true,"href":"https:\/\/migracao.redenoticia.com.br\/noticia\/wp-json\/wp\/v2\/users\/4"}],"replies":[{"embeddable":true,"href":"https:\/\/migracao.redenoticia.com.br\/noticia\/wp-json\/wp\/v2\/comments?post=239594"}],"version-history":[{"count":0,"href":"https:\/\/migracao.redenoticia.com.br\/noticia\/wp-json\/wp\/v2\/posts\/239594\/revisions"}],"wp:featuredmedia":[{"embeddable":true,"href":"https:\/\/migracao.redenoticia.com.br\/noticia\/wp-json\/wp\/v2\/media\/235438"}],"wp:attachment":[{"href":"https:\/\/migracao.redenoticia.com.br\/noticia\/wp-json\/wp\/v2\/media?parent=239594"}],"wp:term":[{"taxonomy":"category","embeddable":true,"href":"https:\/\/migracao.redenoticia.com.br\/noticia\/wp-json\/wp\/v2\/categories?post=239594"},{"taxonomy":"post_tag","embeddable":true,"href":"https:\/\/migracao.redenoticia.com.br\/noticia\/wp-json\/wp\/v2\/tags?post=239594"}],"curies":[{"name":"wp","href":"https:\/\/api.w.org\/{rel}","templated":true}]}}