{"id":239634,"date":"2023-11-21T15:06:12","date_gmt":"2023-11-21T18:06:12","guid":{"rendered":"https:\/\/www.redenoticia.com.br\/noticia\/?p=239634"},"modified":"2023-11-21T15:06:12","modified_gmt":"2023-11-21T18:06:12","slug":"resumo-a-infancia-de-romeu-e-julieta-22-11-vera-nega-traicao-a-bernardo","status":"publish","type":"post","link":"https:\/\/migracao.redenoticia.com.br\/noticia\/2023\/resumo-a-infancia-de-romeu-e-julieta-22-11-vera-nega-traicao-a-bernardo\/239634","title":{"rendered":"Resumo \u201cA Inf\u00e2ncia de Romeu e Julieta\u201d 22\/11: Vera nega trai\u00e7\u00e3o a Bernardo"},"content":{"rendered":"<p> <img loading=\"lazy\" decoding=\"async\" src=\"https:\/\/migracao.redenoticia.com.br\/noticia\/imagens\/novela-romeu-e-julieta-sbt-elenco-resumo.jpg\" alt=\"\" width=\"1280\" height=\"720\" class=\"aligncenter size-full wp-image-232242\" srcset=\"https:\/\/migracao.redenoticia.com.br\/noticia\/imagens\/novela-romeu-e-julieta-sbt-elenco-resumo.jpg 1280w, https:\/\/migracao.redenoticia.com.br\/noticia\/imagens\/novela-romeu-e-julieta-sbt-elenco-resumo-250x140.jpg 250w, https:\/\/migracao.redenoticia.com.br\/noticia\/imagens\/novela-romeu-e-julieta-sbt-elenco-resumo-400x225.jpg 400w, https:\/\/migracao.redenoticia.com.br\/noticia\/imagens\/novela-romeu-e-julieta-sbt-elenco-resumo-768x432.jpg 768w, https:\/\/migracao.redenoticia.com.br\/noticia\/imagens\/novela-romeu-e-julieta-sbt-elenco-resumo-150x84.jpg 150w\" sizes=\"auto, (max-width: 1280px) 100vw, 1280px\" \/><\/p>\n<p><strong><em>Resumo da novela \u201cA Inf\u00e2ncia de Romeu e Julieta\u201d<\/em><\/strong> em 22\/11: no cap\u00edtulo 143(*) da novela, Ap\u00f3s Mariana amea\u00e7ar com uma den\u00fancia, o homem misterioso revela que \u00e9 um detetive e que foi contratado pela fam\u00edlia Monteiro para ver se Mariana estava envolvida com o golpista Sim\u00e3o. O admirador secreto de Clara deixa uma carta dentro da estufa de Clara; ela fica assustada e se pergunta como ele conseguiu entrar na sua casa. No Monter Mercado, P\u00f3rcia impede os membros do Pedalzera de pegarem comida e eles acabam pagando pelos itens. <\/p>\n<p>Vera nega trai\u00e7\u00e3o a Bernardo e diz que se tivesse acontecendo algo, ela falaria para ele. Daniel tem um encontro com Domitila, eles passeiam pelo Lado Torre. Furiosa, Mariana vai at\u00e9 o Monter Mercado e pergunta o motivo de Vera colocar um detetive atr\u00e1s dela; Vera nega envolvimento. Bas\u00edlio fica irritado que o Pedalzera trouxe pouca comida. Glaucia e Fred foram os respons\u00e1veis pela contrata\u00e7\u00e3o do detetive; o casal fica bravo com o rapaz por revelar a identidade \u00e0 Mariana.<\/p>\n<p>O detetive declara para Glaucia e Fred que Mariana n\u00e3o est\u00e1 ligada ao golpista. Sem serem identificados, os membros do Pedalzera deixam um bilhete para a P\u00f3rcia alertando que o Monter Mercado vai ser roubado; P\u00f3rcia fica assustada e mostra para Glaucia, que desmerece pela escrita ser letra de crian\u00e7a. Julieta, Romeu, Nando e L\u00edvia tentam provar a inoc\u00eancia de Bass\u00e2nio ao delegado. Domitila fala para Daniel que no restaurante dele falta alma, que precisa de um novo nome. Os jovens do Lado Vila e Lado Torre armam planos para se vingarem um do outro no acampamento. P\u00f3rcia mostra o bilhete para Vitor, que acha que pode ser um her\u00f3i se avisar \u00e0 Vera.<\/p>\n<p>(*) edi\u00e7\u00e3o das novelas do SBT, \u201cA Inf\u00e2ncia de Romeu e Julieta\u201d, sujeito a altera\u00e7\u00e3o de data e conte\u00fado.<\/p>\n<p>Sinopse \u201cA Inf\u00e2ncia de Romeu e Julieta\u201d: A Trama se passa no bairro chamado castanheiras, em que duas fam\u00edlias com propostas diferentes para esse bairro vivem em disc\u00f3rdia, sendo divididas entre os lados Torre (Campos) e Vila (Monteiro).[6] Entretanto, Romeu (Miguel \u00c2ngelo) e Julieta (Vitt\u00f3ria Seixas) se conhecem, da\u00ed em diante, as fam\u00edlias rivais t\u00eam uma nova oportunidade de trazer paz e uni\u00e3o entre o conv\u00edvio deles. <\/p>\n<p>Romeu e Julieta n\u00e3o sabem como v\u00e3o fazer para ficarem juntos. A not\u00edcia do romance chega \u00e0s fam\u00edlias, que n\u00e3o gostam nada da hist\u00f3ria e tratam de afasta-los imediatamente, aprontando v\u00e1rias situa\u00e7\u00f5es. Romeu e Julieta querem acabar com essa hostilidade e tentam ir atr\u00e1s de uma solu\u00e7\u00e3o, mas ao descobrirem mais sobre a hist\u00f3ria de seus pais, percebem que pode ser imposs\u00edvel.<\/p>\n","protected":false},"excerpt":{"rendered":"<p>Resumo da novela \u201cA Inf\u00e2ncia de Romeu e Julieta\u201d em 22\/11: no cap\u00edtulo 143(*) da novela, Ap\u00f3s Mariana amea\u00e7ar com uma den\u00fancia, o homem misterioso revela que \u00e9 um detetive e que foi contratado pela fam\u00edlia Monteiro para ver se Mariana estava envolvida com o golpista Sim\u00e3o. O admirador secreto de Clara deixa uma carta [&hellip;]<\/p>\n","protected":false},"author":5,"featured_media":232241,"comment_status":"closed","ping_status":"closed","sticky":false,"template":"","format":"standard","meta":{"tdm_status":"","tdm_grid_status":"","footnotes":""},"categories":[2306,379,2025,372,343],"tags":[441],"class_list":{"0":"post-239634","1":"post","2":"type-post","3":"status-publish","4":"format-standard","5":"has-post-thumbnail","7":"category-novela-romeu-e-julieta","8":"category-novelas","9":"category-resumo","10":"category-sbt","11":"category-televisao","12":"tag-resumo-do-dia"},"_links":{"self":[{"href":"https:\/\/migracao.redenoticia.com.br\/noticia\/wp-json\/wp\/v2\/posts\/239634","targetHints":{"allow":["GET"]}}],"collection":[{"href":"https:\/\/migracao.redenoticia.com.br\/noticia\/wp-json\/wp\/v2\/posts"}],"about":[{"href":"https:\/\/migracao.redenoticia.com.br\/noticia\/wp-json\/wp\/v2\/types\/post"}],"author":[{"embeddable":true,"href":"https:\/\/migracao.redenoticia.com.br\/noticia\/wp-json\/wp\/v2\/users\/5"}],"replies":[{"embeddable":true,"href":"https:\/\/migracao.redenoticia.com.br\/noticia\/wp-json\/wp\/v2\/comments?post=239634"}],"version-history":[{"count":0,"href":"https:\/\/migracao.redenoticia.com.br\/noticia\/wp-json\/wp\/v2\/posts\/239634\/revisions"}],"wp:featuredmedia":[{"embeddable":true,"href":"https:\/\/migracao.redenoticia.com.br\/noticia\/wp-json\/wp\/v2\/media\/232241"}],"wp:attachment":[{"href":"https:\/\/migracao.redenoticia.com.br\/noticia\/wp-json\/wp\/v2\/media?parent=239634"}],"wp:term":[{"taxonomy":"category","embeddable":true,"href":"https:\/\/migracao.redenoticia.com.br\/noticia\/wp-json\/wp\/v2\/categories?post=239634"},{"taxonomy":"post_tag","embeddable":true,"href":"https:\/\/migracao.redenoticia.com.br\/noticia\/wp-json\/wp\/v2\/tags?post=239634"}],"curies":[{"name":"wp","href":"https:\/\/api.w.org\/{rel}","templated":true}]}}