{"id":239729,"date":"2023-11-23T16:30:39","date_gmt":"2023-11-23T19:30:39","guid":{"rendered":"https:\/\/www.redenoticia.com.br\/noticia\/?p=239729"},"modified":"2023-11-23T16:30:39","modified_gmt":"2023-11-23T19:30:39","slug":"resumo-a-infancia-de-romeu-e-julieta-24-11-trapaca-consegue-ver-o-leon","status":"publish","type":"post","link":"https:\/\/migracao.redenoticia.com.br\/noticia\/2023\/resumo-a-infancia-de-romeu-e-julieta-24-11-trapaca-consegue-ver-o-leon\/239729","title":{"rendered":"Resumo \u201cA Inf\u00e2ncia de Romeu e Julieta\u201d 24\/11: Trapa\u00e7a consegue ver o Leon"},"content":{"rendered":"<p> <img loading=\"lazy\" decoding=\"async\" src=\"https:\/\/migracao.redenoticia.com.br\/noticia\/imagens\/novela-romeu-e-julieta-sbt-elenco-resumo.jpg\" alt=\"\" width=\"1280\" height=\"720\" class=\"aligncenter size-full wp-image-232242\" srcset=\"https:\/\/migracao.redenoticia.com.br\/noticia\/imagens\/novela-romeu-e-julieta-sbt-elenco-resumo.jpg 1280w, https:\/\/migracao.redenoticia.com.br\/noticia\/imagens\/novela-romeu-e-julieta-sbt-elenco-resumo-250x140.jpg 250w, https:\/\/migracao.redenoticia.com.br\/noticia\/imagens\/novela-romeu-e-julieta-sbt-elenco-resumo-400x225.jpg 400w, https:\/\/migracao.redenoticia.com.br\/noticia\/imagens\/novela-romeu-e-julieta-sbt-elenco-resumo-768x432.jpg 768w, https:\/\/migracao.redenoticia.com.br\/noticia\/imagens\/novela-romeu-e-julieta-sbt-elenco-resumo-150x84.jpg 150w\" sizes=\"auto, (max-width: 1280px) 100vw, 1280px\" \/><\/p>\n<p><strong><em>Resumo da novela \u201cA Inf\u00e2ncia de Romeu e Julieta\u201d<\/em><\/strong> em 24\/11: no cap\u00edtulo 145(*) da novela, Glaucia encontra com Vitor na piscina do Residencial Verona e fica brava, alegando que nem ele e nem P\u00f3rcia podem frequentar o lugar; Vitor diz que P\u00f3rcia mora no condom\u00ednio e pede para Glaucia ir embora, j\u00e1 que ele sabe de um segredo dela. Pedalzera descobre que os moradores do bairro desejam saber quem foi o autor do bilhete. <\/p>\n<p>L\u00edvia conta aos amigos que n\u00e3o tem dinheiro para ir ao acampamento, mas eles querem ajudar. No CEC, Telma agradece \u00e0s crian\u00e7as pela cria\u00e7\u00e3o da vaquinha para L\u00edvia ir ao acampamento; Alex escuta que L\u00edvia n\u00e3o vai \u00e0 viagem. Daniel sugere novos nomes ao restaurante para Amanda e Mariana.<\/p>\n<p>Alex pede ajuda para Mauro completar o restante da vaquinha, ele topa, mas pede para Alex n\u00e3o revelar que eles v\u00e3o ajudar a L\u00edvia. Mais tarde, P\u00f3rcia sai correndo para abra\u00e7ar Bass\u00e2nio. H\u00e9lio fala para L\u00edvia que algu\u00e9m financiou a viagem dela e que ela vai; L\u00edvia quer saber quem ajudou, mas H\u00e9lio diz que n\u00e3o tem permiss\u00e3o para falar. <\/p>\n<p>Sofia chama T\u00e9o para sair e pergunta o motivo dele ter terminado com L\u00edvia no passado. Patrick conta aos amigos que comprou um \u00f3leo essencial para atrair mosquitos no acampamento e que deseja aprontar com o Lado Torre. Trapa\u00e7a consegue ver o Leon pela primeira vez.<\/p>\n<p>(*) edi\u00e7\u00e3o das novelas do SBT, \u201cA Inf\u00e2ncia de Romeu e Julieta\u201d, sujeito a altera\u00e7\u00e3o de data e conte\u00fado.<\/p>\n<p>Sinopse \u201cA Inf\u00e2ncia de Romeu e Julieta\u201d: A Trama se passa no bairro chamado castanheiras, em que duas fam\u00edlias com propostas diferentes para esse bairro vivem em disc\u00f3rdia, sendo divididas entre os lados Torre (Campos) e Vila (Monteiro).[6] Entretanto, Romeu (Miguel \u00c2ngelo) e Julieta (Vitt\u00f3ria Seixas) se conhecem, da\u00ed em diante, as fam\u00edlias rivais t\u00eam uma nova oportunidade de trazer paz e uni\u00e3o entre o conv\u00edvio deles. <\/p>\n<p>Romeu e Julieta n\u00e3o sabem como v\u00e3o fazer para ficarem juntos. A not\u00edcia do romance chega \u00e0s fam\u00edlias, que n\u00e3o gostam nada da hist\u00f3ria e tratam de afasta-los imediatamente, aprontando v\u00e1rias situa\u00e7\u00f5es. Romeu e Julieta querem acabar com essa hostilidade e tentam ir atr\u00e1s de uma solu\u00e7\u00e3o, mas ao descobrirem mais sobre a hist\u00f3ria de seus pais, percebem que pode ser imposs\u00edvel.<\/p>\n","protected":false},"excerpt":{"rendered":"<p>Resumo da novela \u201cA Inf\u00e2ncia de Romeu e Julieta\u201d em 24\/11: no cap\u00edtulo 145(*) da novela, Glaucia encontra com Vitor na piscina do Residencial Verona e fica brava, alegando que nem ele e nem P\u00f3rcia podem frequentar o lugar; Vitor diz que P\u00f3rcia mora no condom\u00ednio e pede para Glaucia ir embora, j\u00e1 que ele [&hellip;]<\/p>\n","protected":false},"author":5,"featured_media":232241,"comment_status":"closed","ping_status":"closed","sticky":false,"template":"","format":"standard","meta":{"tdm_status":"","tdm_grid_status":"","footnotes":""},"categories":[2306,379,2025,372,343],"tags":[441],"class_list":{"0":"post-239729","1":"post","2":"type-post","3":"status-publish","4":"format-standard","5":"has-post-thumbnail","7":"category-novela-romeu-e-julieta","8":"category-novelas","9":"category-resumo","10":"category-sbt","11":"category-televisao","12":"tag-resumo-do-dia"},"_links":{"self":[{"href":"https:\/\/migracao.redenoticia.com.br\/noticia\/wp-json\/wp\/v2\/posts\/239729","targetHints":{"allow":["GET"]}}],"collection":[{"href":"https:\/\/migracao.redenoticia.com.br\/noticia\/wp-json\/wp\/v2\/posts"}],"about":[{"href":"https:\/\/migracao.redenoticia.com.br\/noticia\/wp-json\/wp\/v2\/types\/post"}],"author":[{"embeddable":true,"href":"https:\/\/migracao.redenoticia.com.br\/noticia\/wp-json\/wp\/v2\/users\/5"}],"replies":[{"embeddable":true,"href":"https:\/\/migracao.redenoticia.com.br\/noticia\/wp-json\/wp\/v2\/comments?post=239729"}],"version-history":[{"count":0,"href":"https:\/\/migracao.redenoticia.com.br\/noticia\/wp-json\/wp\/v2\/posts\/239729\/revisions"}],"wp:featuredmedia":[{"embeddable":true,"href":"https:\/\/migracao.redenoticia.com.br\/noticia\/wp-json\/wp\/v2\/media\/232241"}],"wp:attachment":[{"href":"https:\/\/migracao.redenoticia.com.br\/noticia\/wp-json\/wp\/v2\/media?parent=239729"}],"wp:term":[{"taxonomy":"category","embeddable":true,"href":"https:\/\/migracao.redenoticia.com.br\/noticia\/wp-json\/wp\/v2\/categories?post=239729"},{"taxonomy":"post_tag","embeddable":true,"href":"https:\/\/migracao.redenoticia.com.br\/noticia\/wp-json\/wp\/v2\/tags?post=239729"}],"curies":[{"name":"wp","href":"https:\/\/api.w.org\/{rel}","templated":true}]}}