{"id":239831,"date":"2023-11-27T14:47:47","date_gmt":"2023-11-27T17:47:47","guid":{"rendered":"https:\/\/www.redenoticia.com.br\/noticia\/?p=239831"},"modified":"2023-11-27T14:47:47","modified_gmt":"2023-11-27T17:47:47","slug":"resumo-iludida-28-11-ali-e-demir-cometem-uma-loucura","status":"publish","type":"post","link":"https:\/\/migracao.redenoticia.com.br\/noticia\/2023\/resumo-iludida-28-11-ali-e-demir-cometem-uma-loucura\/239831","title":{"rendered":"Resumo \u201cIludida\u201d 28\/11: Ali e Demir cometem uma loucura"},"content":{"rendered":"<p> <img loading=\"lazy\" decoding=\"async\" class=\"aligncenter size-full wp-image-235992\" src=\"https:\/\/migracao.redenoticia.com.br\/noticia\/imagens\/novela-iludida-logo-resumo-canal-tnt.jpg\" alt=\"\" width=\"1280\" height=\"720\" srcset=\"https:\/\/migracao.redenoticia.com.br\/noticia\/imagens\/novela-iludida-logo-resumo-canal-tnt.jpg 1280w, https:\/\/migracao.redenoticia.com.br\/noticia\/imagens\/novela-iludida-logo-resumo-canal-tnt-250x140.jpg 250w, https:\/\/migracao.redenoticia.com.br\/noticia\/imagens\/novela-iludida-logo-resumo-canal-tnt-400x225.jpg 400w, https:\/\/migracao.redenoticia.com.br\/noticia\/imagens\/novela-iludida-logo-resumo-canal-tnt-768x432.jpg 768w, https:\/\/migracao.redenoticia.com.br\/noticia\/imagens\/novela-iludida-logo-resumo-canal-tnt-150x84.jpg 150w\" sizes=\"auto, (max-width: 1280px) 100vw, 1280px\" \/><\/p>\n<p><strong><em>Resumo da novela \u201cIludida\u201d<\/em><\/strong> em 28\/11: no cap\u00edtulo 112(*) da novela, Derin e Volkan se enfrentam novamente perante o juiz para finalizar o processo de div\u00f3rcio. Quando ele est\u00e1 prestes a separar os dois, a jovem garante que quer seguir em frente com o casamento: &#8220;A verdade \u00e9 que amo Volkan e n\u00e3o quero me divorciar dele&#8221;. Derin explica aos pais que se n\u00e3o aceitou o acordo de separa\u00e7\u00e3o \u00e9 porque n\u00e3o est\u00e1 disposta a entregar a guarda de Zeynep ao ainda marido.<\/p>\n<p>Volkan procura algu\u00e9m com quem passar o ano novo, mas todos j\u00e1 t\u00eam planos. Ali e Demir cometem uma loucura e v\u00e3o a uma festa sem que suas fam\u00edlias saibam. &#8230; Nil \u00e9 muito grata a Sel\u00e7uk. Sem o apoio dele, ela n\u00e3o teria conseguido ir \u00e0 pol\u00edcia e confessar que foi ela quem atacou Leyla. Desde que saiu da pris\u00e3o, a jovem est\u00e1 mais pr\u00f3xima dele do que nunca e ele est\u00e1 encantado. Aos poucos, eles retomam o relacionamento e mostram aos demais que o amor que os unia nunca deixou de existir. Aras encontra pistas sobre o inc\u00eandio que matou seus pais. Perto dali, Asya segue em frente com seus planos de casamento com Aras, apesar da discord\u00e2ncia de Ali sobre o futuro casamento. <\/p>\n<p>Aras tamb\u00e9m continua investigando o inc\u00eandio em que seus pais morreram e confirma que Haluk foi a pessoa que salvou sua vida. Kadir, que tamb\u00e9m est\u00e1 fazendo sua pesquisa, diz a ele que n\u00e3o foi a \u00fanica pessoa que foi salva das chamas: &#8220;H\u00e1 outro sobrevivente e acho que sei quem pode ser&#8221;. A semana passa e o Ano Novo chega. A fam\u00edlia G\u00fc\u00e7l\u00fc se re\u00fane para celebrar uma data t\u00e3o especial e Asya tamb\u00e9m com seus entes queridos. <\/p>\n<p>A m\u00e9dica passa uma noite agrad\u00e1vel com Aras, Nil, Sel\u00e7uk, Kadir, Derya, Melih e Bahar. O \u00fanico que est\u00e1 sozinho em uma noite t\u00e3o importante \u00e9 Volkan. O homem, que instalou c\u00e2meras na casa da ex-mulher, assiste com l\u00e1grimas nos olhos os parentes curtirem uma noite feliz sem sua presen\u00e7a. Agora ele est\u00e1 ciente de tudo o que perdeu. Horas depois, Asya e Volkan recebem uma liga\u00e7\u00e3o do hospital. Ali foi a uma festa junto com Demir e Ipek, primo de Selen. Ele sofreu um grave acidente de carro e est\u00e1 sendo levado \u00e0s pressas para o hospital.<\/p>\n<p>(*) edi\u00e7\u00e3o das novelas da TNT\/HBO, \u201cIludida\u201d, sujeito a altera\u00e7\u00e3o de data e conte\u00fado.<\/p>\n<p>Sinopse &#8220;Iludida&#8221;: Com apenas 37 anos, Asya \u00e9 vice-diretora e m\u00e9dica em um hospital da cidade de Tekirdag. Al\u00e9m de ter uma carreira profissional de sucesso, leva uma vida tranquila com o seu marido Volkan e seu filho Ali. Ela parece ter tudo: um trabalho perfeito, uma casa linda e uma fam\u00edlia feliz. Asya se sente a mulher mais sortuda do mundo, o que mais ela poderia pedir? Tudo na sua vida parecia ser cor-de-rosa, at\u00e9 que ela descobre um cabelo loiro no cachecol do seu marido, o que a transforma em uma pessoa obsessiva e incapaz de confiar nas pessoas ao seu redor. Por\u00e9m, ela n\u00e3o se engana em desconfiar deles: aos poucos, Asya descobre uma rede de mentiras que a leva a perceber que a sua vida n\u00e3o era t\u00e3o perfeita como ela pensava.<\/p>\n","protected":false},"excerpt":{"rendered":"<p>Resumo da novela \u201cIludida\u201d em 28\/11: no cap\u00edtulo 112(*) da novela, Derin e Volkan se enfrentam novamente perante o juiz para finalizar o processo de div\u00f3rcio. Quando ele est\u00e1 prestes a separar os dois, a jovem garante que quer seguir em frente com o casamento: &#8220;A verdade \u00e9 que amo Volkan e n\u00e3o quero me [&hellip;]<\/p>\n","protected":false},"author":4,"featured_media":235991,"comment_status":"closed","ping_status":"closed","sticky":false,"template":"","format":"standard","meta":{"tdm_status":"","tdm_grid_status":"","footnotes":""},"categories":[2317,379,2025,343,2315],"tags":[441],"class_list":{"0":"post-239831","1":"post","2":"type-post","3":"status-publish","4":"format-standard","5":"has-post-thumbnail","7":"category-iludida","8":"category-novelas","9":"category-resumo","10":"category-televisao","11":"category-tnt","12":"tag-resumo-do-dia"},"_links":{"self":[{"href":"https:\/\/migracao.redenoticia.com.br\/noticia\/wp-json\/wp\/v2\/posts\/239831","targetHints":{"allow":["GET"]}}],"collection":[{"href":"https:\/\/migracao.redenoticia.com.br\/noticia\/wp-json\/wp\/v2\/posts"}],"about":[{"href":"https:\/\/migracao.redenoticia.com.br\/noticia\/wp-json\/wp\/v2\/types\/post"}],"author":[{"embeddable":true,"href":"https:\/\/migracao.redenoticia.com.br\/noticia\/wp-json\/wp\/v2\/users\/4"}],"replies":[{"embeddable":true,"href":"https:\/\/migracao.redenoticia.com.br\/noticia\/wp-json\/wp\/v2\/comments?post=239831"}],"version-history":[{"count":0,"href":"https:\/\/migracao.redenoticia.com.br\/noticia\/wp-json\/wp\/v2\/posts\/239831\/revisions"}],"wp:featuredmedia":[{"embeddable":true,"href":"https:\/\/migracao.redenoticia.com.br\/noticia\/wp-json\/wp\/v2\/media\/235991"}],"wp:attachment":[{"href":"https:\/\/migracao.redenoticia.com.br\/noticia\/wp-json\/wp\/v2\/media?parent=239831"}],"wp:term":[{"taxonomy":"category","embeddable":true,"href":"https:\/\/migracao.redenoticia.com.br\/noticia\/wp-json\/wp\/v2\/categories?post=239831"},{"taxonomy":"post_tag","embeddable":true,"href":"https:\/\/migracao.redenoticia.com.br\/noticia\/wp-json\/wp\/v2\/tags?post=239831"}],"curies":[{"name":"wp","href":"https:\/\/api.w.org\/{rel}","templated":true}]}}