{"id":239835,"date":"2023-11-27T14:54:28","date_gmt":"2023-11-27T17:54:28","guid":{"rendered":"https:\/\/www.redenoticia.com.br\/noticia\/?p=239835"},"modified":"2023-11-27T14:54:28","modified_gmt":"2023-11-27T17:54:28","slug":"resumo-a-infancia-de-romeu-e-julieta-28-11-simao-caminha-com-um-novo-disfarce","status":"publish","type":"post","link":"https:\/\/migracao.redenoticia.com.br\/noticia\/2023\/resumo-a-infancia-de-romeu-e-julieta-28-11-simao-caminha-com-um-novo-disfarce\/239835","title":{"rendered":"Resumo \u201cA Inf\u00e2ncia de Romeu e Julieta\u201d 28\/11: Sim\u00e3o caminha com um novo disfarce"},"content":{"rendered":"<p> <img loading=\"lazy\" decoding=\"async\" src=\"https:\/\/migracao.redenoticia.com.br\/noticia\/imagens\/novela-romeu-e-julieta-sbt-elenco-resumo.jpg\" alt=\"\" width=\"1280\" height=\"720\" class=\"aligncenter size-full wp-image-232242\" srcset=\"https:\/\/migracao.redenoticia.com.br\/noticia\/imagens\/novela-romeu-e-julieta-sbt-elenco-resumo.jpg 1280w, https:\/\/migracao.redenoticia.com.br\/noticia\/imagens\/novela-romeu-e-julieta-sbt-elenco-resumo-250x140.jpg 250w, https:\/\/migracao.redenoticia.com.br\/noticia\/imagens\/novela-romeu-e-julieta-sbt-elenco-resumo-400x225.jpg 400w, https:\/\/migracao.redenoticia.com.br\/noticia\/imagens\/novela-romeu-e-julieta-sbt-elenco-resumo-768x432.jpg 768w, https:\/\/migracao.redenoticia.com.br\/noticia\/imagens\/novela-romeu-e-julieta-sbt-elenco-resumo-150x84.jpg 150w\" sizes=\"auto, (max-width: 1280px) 100vw, 1280px\" \/><\/p>\n<p><strong><em>Resumo da novela \u201cA Inf\u00e2ncia de Romeu e Julieta\u201d<\/em><\/strong> em 28\/11: no cap\u00edtulo 147(*) da novela, L\u00edvia quer muito saber quem financiou a viagem dela. Glaucia diz para Telma que as joias da colega n\u00e3o s\u00e3o verdadeiras. Trapa\u00e7a comenta com Ian que viu o Leon; Ian explica que Leon \u00e9 imagin\u00e1rio e Trapa\u00e7a pede para v\u00ea-lo novamente em um lugar tranquilo. Glaucia avisa Vitor que conseguiu o aumento que ele exigiu e pede para deix\u00e1-la em paz. <\/p>\n<p>Ap\u00f3s um tempo desaparecido, Sim\u00e3o volta ao bairro Castanheiras e caminha com um novo disfarce; Mariana reconhece Sim\u00e3o e aborda o golpista. Mariana exp\u00f5e para Sim\u00e3o que a fam\u00edlia Monteiro acredita que ela \u00e9 c\u00famplice; Sim\u00e3o declara que n\u00e3o fez nada de errado, que o dinheiro que Vitor transferiu est\u00e1 investido e que demora para dar resultado.<\/p>\n<p>Sim\u00e3o completa alegando que foi roubado, perdeu o celular e que tentaram dar um golpe atrav\u00e9s do aparelho dele. O detetive contratado por Glaucia flagra Sim\u00e3o e Mariana conversando e tira fotos. Mariana diz para Sim\u00e3o que vai chamar a pol\u00edcia, mas ele rebate, afirmando que seria preso injustamente, assim como ela. <\/p>\n<p>Trapa\u00e7a encontra com Ian na pracinha para ver Leon, mas Muke, F\u00ea Dengosa e Chilique aparecem e questionam a atitude de Trapa\u00e7a. Antes de ir embora da pracinha, Trapa\u00e7a pega o manual de escoteiro do Ian. Vitor presenteia Fausto com um computador; Fausto quer saber o que Vitor planeja com essa postura. Glaucia e Fred recebem as fotos do detetive sobre o encontro de Mariana e Sim\u00e3o.<\/p>\n<p>(*) edi\u00e7\u00e3o das novelas do SBT, \u201cA Inf\u00e2ncia de Romeu e Julieta\u201d, sujeito a altera\u00e7\u00e3o de data e conte\u00fado.<\/p>\n<p>Sinopse \u201cA Inf\u00e2ncia de Romeu e Julieta\u201d: A Trama se passa no bairro chamado castanheiras, em que duas fam\u00edlias com propostas diferentes para esse bairro vivem em disc\u00f3rdia, sendo divididas entre os lados Torre (Campos) e Vila (Monteiro).[6] Entretanto, Romeu (Miguel \u00c2ngelo) e Julieta (Vitt\u00f3ria Seixas) se conhecem, da\u00ed em diante, as fam\u00edlias rivais t\u00eam uma nova oportunidade de trazer paz e uni\u00e3o entre o conv\u00edvio deles. <\/p>\n<p>Romeu e Julieta n\u00e3o sabem como v\u00e3o fazer para ficarem juntos. A not\u00edcia do romance chega \u00e0s fam\u00edlias, que n\u00e3o gostam nada da hist\u00f3ria e tratam de afasta-los imediatamente, aprontando v\u00e1rias situa\u00e7\u00f5es. Romeu e Julieta querem acabar com essa hostilidade e tentam ir atr\u00e1s de uma solu\u00e7\u00e3o, mas ao descobrirem mais sobre a hist\u00f3ria de seus pais, percebem que pode ser imposs\u00edvel.<\/p>\n","protected":false},"excerpt":{"rendered":"<p>Resumo da novela \u201cA Inf\u00e2ncia de Romeu e Julieta\u201d em 28\/11: no cap\u00edtulo 147(*) da novela, L\u00edvia quer muito saber quem financiou a viagem dela. Glaucia diz para Telma que as joias da colega n\u00e3o s\u00e3o verdadeiras. Trapa\u00e7a comenta com Ian que viu o Leon; Ian explica que Leon \u00e9 imagin\u00e1rio e Trapa\u00e7a pede para [&hellip;]<\/p>\n","protected":false},"author":5,"featured_media":232241,"comment_status":"closed","ping_status":"closed","sticky":false,"template":"","format":"standard","meta":{"tdm_status":"","tdm_grid_status":"","footnotes":""},"categories":[2306,379,2025,372,343],"tags":[441],"class_list":{"0":"post-239835","1":"post","2":"type-post","3":"status-publish","4":"format-standard","5":"has-post-thumbnail","7":"category-novela-romeu-e-julieta","8":"category-novelas","9":"category-resumo","10":"category-sbt","11":"category-televisao","12":"tag-resumo-do-dia"},"_links":{"self":[{"href":"https:\/\/migracao.redenoticia.com.br\/noticia\/wp-json\/wp\/v2\/posts\/239835","targetHints":{"allow":["GET"]}}],"collection":[{"href":"https:\/\/migracao.redenoticia.com.br\/noticia\/wp-json\/wp\/v2\/posts"}],"about":[{"href":"https:\/\/migracao.redenoticia.com.br\/noticia\/wp-json\/wp\/v2\/types\/post"}],"author":[{"embeddable":true,"href":"https:\/\/migracao.redenoticia.com.br\/noticia\/wp-json\/wp\/v2\/users\/5"}],"replies":[{"embeddable":true,"href":"https:\/\/migracao.redenoticia.com.br\/noticia\/wp-json\/wp\/v2\/comments?post=239835"}],"version-history":[{"count":0,"href":"https:\/\/migracao.redenoticia.com.br\/noticia\/wp-json\/wp\/v2\/posts\/239835\/revisions"}],"wp:featuredmedia":[{"embeddable":true,"href":"https:\/\/migracao.redenoticia.com.br\/noticia\/wp-json\/wp\/v2\/media\/232241"}],"wp:attachment":[{"href":"https:\/\/migracao.redenoticia.com.br\/noticia\/wp-json\/wp\/v2\/media?parent=239835"}],"wp:term":[{"taxonomy":"category","embeddable":true,"href":"https:\/\/migracao.redenoticia.com.br\/noticia\/wp-json\/wp\/v2\/categories?post=239835"},{"taxonomy":"post_tag","embeddable":true,"href":"https:\/\/migracao.redenoticia.com.br\/noticia\/wp-json\/wp\/v2\/tags?post=239835"}],"curies":[{"name":"wp","href":"https:\/\/api.w.org\/{rel}","templated":true}]}}