{"id":239873,"date":"2023-11-28T10:42:20","date_gmt":"2023-11-28T13:42:20","guid":{"rendered":"https:\/\/www.redenoticia.com.br\/noticia\/?p=239873"},"modified":"2023-11-28T10:42:20","modified_gmt":"2023-11-28T13:42:20","slug":"resumo-sera-isso-amor-29-11-serkan-desconfia-de-kemal","status":"publish","type":"post","link":"https:\/\/migracao.redenoticia.com.br\/noticia\/2023\/resumo-sera-isso-amor-29-11-serkan-desconfia-de-kemal\/239873","title":{"rendered":"Resumo \u201cSer\u00e1 Isso Amor?\u201d 29\/11: Serkan desconfia de Kemal"},"content":{"rendered":"<p> <img loading=\"lazy\" decoding=\"async\" class=\"aligncenter size-full wp-image-235988\" src=\"https:\/\/migracao.redenoticia.com.br\/noticia\/imagens\/novela-sera-isso-amor-tnt-resumo-elenco.jpg\" alt=\"\" width=\"1280\" height=\"720\" srcset=\"https:\/\/migracao.redenoticia.com.br\/noticia\/imagens\/novela-sera-isso-amor-tnt-resumo-elenco.jpg 1280w, https:\/\/migracao.redenoticia.com.br\/noticia\/imagens\/novela-sera-isso-amor-tnt-resumo-elenco-250x140.jpg 250w, https:\/\/migracao.redenoticia.com.br\/noticia\/imagens\/novela-sera-isso-amor-tnt-resumo-elenco-400x225.jpg 400w, https:\/\/migracao.redenoticia.com.br\/noticia\/imagens\/novela-sera-isso-amor-tnt-resumo-elenco-768x432.jpg 768w, https:\/\/migracao.redenoticia.com.br\/noticia\/imagens\/novela-sera-isso-amor-tnt-resumo-elenco-150x84.jpg 150w\" sizes=\"auto, (max-width: 1280px) 100vw, 1280px\" \/><\/p>\n<p><strong><em>Resumo da novela \u201cSer\u00e1 Isso Amor?\u201d<\/em><\/strong> em 29\/11: no cap\u00edtulo 113(*) da novela, Deniz fala com Serkan e Selin. Ele diz que precisa pedir desculpas a Eda e pede que ela n\u00e3o saia da empresa. Ent\u00e3o o telefone comercial de Selin toca e Melo atende. Quem ligou \u00e9 o m\u00e9dico de Selin. Ele diz a ela que o resultado do teste \u00e9 positivo e que a mulher est\u00e1 gr\u00e1vida.<\/p>\n<p>Enquanto a gravidez de Piril poupa Engin de lidar com uma grande confus\u00e3o, Aydan se encontra com Kemal e fala abertamente sobre seus sentimentos por ele. &#8230; Engin quer dar uma festa de reencontro e convida a todos. Ent\u00e3o, enquanto conversa com Piril, ele ouve barulho e vozes. Engin entra em p\u00e2nico, pensando que sua esposa foi atropelada por um carro. Ele acorda e desmaia no hospital. Nada disso aconteceu. Houve confus\u00e3o. O novo e maior cliente, o Sr. Ates, quer apresent\u00e1-los ao seu chefe. A pessoa que vem \u00e9 Kemal. Tal coincid\u00eancia deixa Serkan desconfiado. <\/p>\n<p>Aydan quer falar com ele e o chama para casa, mas ele diz que eles n\u00e3o deveriam se encontrar por causa do filho. Por\u00e9m, Eda liga e convida Kemal para a festa. Serkan chega \u00e0 festa com o anel na m\u00e3o. Todos ficam muito felizes com esta not\u00edcia. Melo conta sobre a gravidez de Selin para Eda. Eda vai falar com a mulher. Selin mostra os testes, mas diz que n\u00e3o contar\u00e1 a Serkan e ir\u00e1 embora. Eda, que cresceu sem pais, n\u00e3o quer concordar com isso. Quando vai \u00e0 festa, Serkan pede Eda em casamento, mas ela diz \u201cN\u00e3o\u201d por causa da gravidez que ela descobriu.<\/p>\n<p>(*) edi\u00e7\u00e3o das novelas da TNT\/HBO, \u201cSer\u00e1 Isso Amor?\u201d, sujeito a altera\u00e7\u00e3o de data e conte\u00fado.<\/p>\n<p>Sinopse &#8220;Ser\u00e1 Isso Amor?&#8221;: (Primeira Temporada) Eda n\u00e3o consegue concluir sua gradua\u00e7\u00e3o na faculdade de arquitetura paisag\u00edstica por causa de Serkan Bolat. Serkan tem uma ex-namorada, Selin, que ficou noiva recentemente ap\u00f3s o rompimento. Para recuper\u00e1-la, Serkan oferece a Eda um contrato segundo o qual ela deve fingir ser sua noiva por dois meses. Ela aceita a oferta e n\u00e3o demora para surgir algo entre eles. <\/p>\n<p>(Segunda Temporada) Serkan e Eda passam por momentos dif\u00edceis durante o tratamento de c\u00e2ncer dele, que fica obcecado com sua doen\u00e7a e que vira um homem completamente diferente ap\u00f3s sobreviver. Serkan volta a se concentrar apenas em seu trabalho, que aos poucos o afasta de Eda. Mais tarde, ela vai para a It\u00e1lia para concluir seus estudos, enquanto Serkan continua com sua vida. Mas quando eles finalmente se reencontram ap\u00f3s 5 longos anos, a vida tem uma surpresa para ambos.<\/p>\n","protected":false},"excerpt":{"rendered":"<p>Resumo da novela \u201cSer\u00e1 Isso Amor?\u201d em 29\/11: no cap\u00edtulo 113(*) da novela, Deniz fala com Serkan e Selin. Ele diz que precisa pedir desculpas a Eda e pede que ela n\u00e3o saia da empresa. Ent\u00e3o o telefone comercial de Selin toca e Melo atende. Quem ligou \u00e9 o m\u00e9dico de Selin. Ele diz a [&hellip;]<\/p>\n","protected":false},"author":2,"featured_media":235990,"comment_status":"closed","ping_status":"closed","sticky":false,"template":"","format":"standard","meta":{"tdm_status":"","tdm_grid_status":"","footnotes":""},"categories":[379,2025,2316,343,2315],"tags":[441],"class_list":{"0":"post-239873","1":"post","2":"type-post","3":"status-publish","4":"format-standard","5":"has-post-thumbnail","7":"category-novelas","8":"category-resumo","9":"category-sera-isso-amor","10":"category-televisao","11":"category-tnt","12":"tag-resumo-do-dia"},"_links":{"self":[{"href":"https:\/\/migracao.redenoticia.com.br\/noticia\/wp-json\/wp\/v2\/posts\/239873","targetHints":{"allow":["GET"]}}],"collection":[{"href":"https:\/\/migracao.redenoticia.com.br\/noticia\/wp-json\/wp\/v2\/posts"}],"about":[{"href":"https:\/\/migracao.redenoticia.com.br\/noticia\/wp-json\/wp\/v2\/types\/post"}],"author":[{"embeddable":true,"href":"https:\/\/migracao.redenoticia.com.br\/noticia\/wp-json\/wp\/v2\/users\/2"}],"replies":[{"embeddable":true,"href":"https:\/\/migracao.redenoticia.com.br\/noticia\/wp-json\/wp\/v2\/comments?post=239873"}],"version-history":[{"count":0,"href":"https:\/\/migracao.redenoticia.com.br\/noticia\/wp-json\/wp\/v2\/posts\/239873\/revisions"}],"wp:featuredmedia":[{"embeddable":true,"href":"https:\/\/migracao.redenoticia.com.br\/noticia\/wp-json\/wp\/v2\/media\/235990"}],"wp:attachment":[{"href":"https:\/\/migracao.redenoticia.com.br\/noticia\/wp-json\/wp\/v2\/media?parent=239873"}],"wp:term":[{"taxonomy":"category","embeddable":true,"href":"https:\/\/migracao.redenoticia.com.br\/noticia\/wp-json\/wp\/v2\/categories?post=239873"},{"taxonomy":"post_tag","embeddable":true,"href":"https:\/\/migracao.redenoticia.com.br\/noticia\/wp-json\/wp\/v2\/tags?post=239873"}],"curies":[{"name":"wp","href":"https:\/\/api.w.org\/{rel}","templated":true}]}}