{"id":239913,"date":"2023-11-29T14:05:10","date_gmt":"2023-11-29T17:05:10","guid":{"rendered":"https:\/\/www.redenoticia.com.br\/noticia\/?p=239913"},"modified":"2023-11-29T14:05:10","modified_gmt":"2023-11-29T17:05:10","slug":"resumo-terra-e-paixao-30-11-marino-fica-sabendo-da-fuga-de-sidney","status":"publish","type":"post","link":"https:\/\/migracao.redenoticia.com.br\/noticia\/2023\/resumo-terra-e-paixao-30-11-marino-fica-sabendo-da-fuga-de-sidney\/239913","title":{"rendered":"Resumo &#8220;Terra e Paix\u00e3o&#8221; 30\/11: Marino fica sabendo da fuga de Sidney"},"content":{"rendered":"<p> <img loading=\"lazy\" decoding=\"async\" src=\"https:\/\/migracao.redenoticia.com.br\/noticia\/imagens\/novela-terra-e-paixao-resumo.jpg\" alt=\"\" width=\"1280\" height=\"720\" class=\"aligncenter size-full wp-image-231930\" srcset=\"https:\/\/migracao.redenoticia.com.br\/noticia\/imagens\/novela-terra-e-paixao-resumo.jpg 1280w, https:\/\/migracao.redenoticia.com.br\/noticia\/imagens\/novela-terra-e-paixao-resumo-250x140.jpg 250w, https:\/\/migracao.redenoticia.com.br\/noticia\/imagens\/novela-terra-e-paixao-resumo-400x225.jpg 400w, https:\/\/migracao.redenoticia.com.br\/noticia\/imagens\/novela-terra-e-paixao-resumo-768x432.jpg 768w, https:\/\/migracao.redenoticia.com.br\/noticia\/imagens\/novela-terra-e-paixao-resumo-150x84.jpg 150w\" sizes=\"auto, (max-width: 1280px) 100vw, 1280px\" \/> <\/p>\n<p><strong><em>Resumo da novela &#8220;Terra e Paix\u00e3o&#8221;<\/em><\/strong> em 30\/11: no cap\u00edtulo 175(*) da novela, Irene consegue desarmar Sidney. Ant\u00f4nio comenta com Angelina sobre o modo diferente de Agatha depois que se casou com ele. Agatha procura Aline para conversar. <\/p>\n<p>Marino fica sabendo da fuga de Sidney. Ant\u00f4nio preocupa Petra, Luigi e Angelina ao demonstrar confus\u00e3o mental. Agatha \u00e9 expulsa por Jussara da casa de Aline. Agatha fica apreensiva quando Petra lhe avisa que chamou um m\u00e9dico para atender Ant\u00f4nio.<\/p>\n<p>(*) edi\u00e7\u00e3o das novelas da Globo, &#8220;Terra e Paix\u00e3o&#8221;, sujeito a altera\u00e7\u00e3o de data e conte\u00fado.<\/p>\n<p>Sinopse &#8220;Terra e Paix\u00e3o&#8221;: Aline vive ao lado do marido Samuel e do filho Jo\u00e3o. Ap\u00f3s um atentado em sua casa, v\u00ea-se sozinha com o menino diante das terras deixadas pelo marido. Aline aprende a plantar com a ajuda de Jonatas, um amigo fiel. Al\u00e9m de contar com ele, tem ao seu lado sua m\u00e3e. Aline se aproxima dos irm\u00e3os Caio e Daniel, filhos do poderoso fazendeiro Ant\u00f4nio, com quem precisa brigar para manter suas terras. Ao lado dos dois rapazes, descobre sentimentos novos. Ant\u00f4nio La Selva \u00e9 casado com Irene com quem tem dois filhos, Daniel e Petra. Ele foi muito apaixonado por Agatha, com quem teve Caio, e culpa o rapaz pela morte da m\u00e3e no pr\u00e9-parto. <\/p>\n","protected":false},"excerpt":{"rendered":"<p>Resumo da novela &#8220;Terra e Paix\u00e3o&#8221; em 30\/11: no cap\u00edtulo 175(*) da novela, Irene consegue desarmar Sidney. Ant\u00f4nio comenta com Angelina sobre o modo diferente de Agatha depois que se casou com ele. Agatha procura Aline para conversar. Marino fica sabendo da fuga de Sidney. Ant\u00f4nio preocupa Petra, Luigi e Angelina ao demonstrar confus\u00e3o mental. [&hellip;]<\/p>\n","protected":false},"author":2,"featured_media":231928,"comment_status":"closed","ping_status":"closed","sticky":false,"template":"","format":"standard","meta":{"tdm_status":"","tdm_grid_status":"","footnotes":""},"categories":[379,375,2025,343,2305],"tags":[441],"class_list":{"0":"post-239913","1":"post","2":"type-post","3":"status-publish","4":"format-standard","5":"has-post-thumbnail","7":"category-novelas","8":"category-rede-globo","9":"category-resumo","10":"category-televisao","11":"category-terra-e-paixao","12":"tag-resumo-do-dia"},"_links":{"self":[{"href":"https:\/\/migracao.redenoticia.com.br\/noticia\/wp-json\/wp\/v2\/posts\/239913","targetHints":{"allow":["GET"]}}],"collection":[{"href":"https:\/\/migracao.redenoticia.com.br\/noticia\/wp-json\/wp\/v2\/posts"}],"about":[{"href":"https:\/\/migracao.redenoticia.com.br\/noticia\/wp-json\/wp\/v2\/types\/post"}],"author":[{"embeddable":true,"href":"https:\/\/migracao.redenoticia.com.br\/noticia\/wp-json\/wp\/v2\/users\/2"}],"replies":[{"embeddable":true,"href":"https:\/\/migracao.redenoticia.com.br\/noticia\/wp-json\/wp\/v2\/comments?post=239913"}],"version-history":[{"count":0,"href":"https:\/\/migracao.redenoticia.com.br\/noticia\/wp-json\/wp\/v2\/posts\/239913\/revisions"}],"wp:featuredmedia":[{"embeddable":true,"href":"https:\/\/migracao.redenoticia.com.br\/noticia\/wp-json\/wp\/v2\/media\/231928"}],"wp:attachment":[{"href":"https:\/\/migracao.redenoticia.com.br\/noticia\/wp-json\/wp\/v2\/media?parent=239913"}],"wp:term":[{"taxonomy":"category","embeddable":true,"href":"https:\/\/migracao.redenoticia.com.br\/noticia\/wp-json\/wp\/v2\/categories?post=239913"},{"taxonomy":"post_tag","embeddable":true,"href":"https:\/\/migracao.redenoticia.com.br\/noticia\/wp-json\/wp\/v2\/tags?post=239913"}],"curies":[{"name":"wp","href":"https:\/\/api.w.org\/{rel}","templated":true}]}}