{"id":239915,"date":"2023-11-29T13:55:41","date_gmt":"2023-11-29T16:55:41","guid":{"rendered":"https:\/\/www.redenoticia.com.br\/noticia\/?p=239915"},"modified":"2023-11-29T13:55:41","modified_gmt":"2023-11-29T16:55:41","slug":"resumo-a-infancia-de-romeu-e-julieta-30-11-mariana-recebe-intimacao","status":"publish","type":"post","link":"https:\/\/migracao.redenoticia.com.br\/noticia\/2023\/resumo-a-infancia-de-romeu-e-julieta-30-11-mariana-recebe-intimacao\/239915","title":{"rendered":"Resumo \u201cA Inf\u00e2ncia de Romeu e Julieta\u201d 30\/11: Mariana recebe intima\u00e7\u00e3o"},"content":{"rendered":"<p> <img loading=\"lazy\" decoding=\"async\" src=\"https:\/\/migracao.redenoticia.com.br\/noticia\/imagens\/novela-romeu-e-julieta-sbt-elenco-resumo.jpg\" alt=\"\" width=\"1280\" height=\"720\" class=\"aligncenter size-full wp-image-232242\" srcset=\"https:\/\/migracao.redenoticia.com.br\/noticia\/imagens\/novela-romeu-e-julieta-sbt-elenco-resumo.jpg 1280w, https:\/\/migracao.redenoticia.com.br\/noticia\/imagens\/novela-romeu-e-julieta-sbt-elenco-resumo-250x140.jpg 250w, https:\/\/migracao.redenoticia.com.br\/noticia\/imagens\/novela-romeu-e-julieta-sbt-elenco-resumo-400x225.jpg 400w, https:\/\/migracao.redenoticia.com.br\/noticia\/imagens\/novela-romeu-e-julieta-sbt-elenco-resumo-768x432.jpg 768w, https:\/\/migracao.redenoticia.com.br\/noticia\/imagens\/novela-romeu-e-julieta-sbt-elenco-resumo-150x84.jpg 150w\" sizes=\"auto, (max-width: 1280px) 100vw, 1280px\" \/><\/p>\n<p><strong><em>Resumo da novela \u201cA Inf\u00e2ncia de Romeu e Julieta\u201d<\/em><\/strong> em 30\/11: no cap\u00edtulo 149(*) da novela, a equipe \u201cFogo\u201d \u00e9 formada por Nando, Alex, T\u00e9o, L\u00edvia e Sofia, j\u00e1 a equipe \u201c\u00c1gua\u201d \u00e9 formada por Rosalina, Romeu, Karen, Julieta e Patrick; quem cumprir mais desafios vence no final. O primeiro desafio ganha quem montar as barracas em menor tempo. Na segunda prova, as crian\u00e7as devem pegar graveto para fazer fogueira. Na mata, Patrick joga \u00f3leo que atrai mosquitos na cabe\u00e7a de Rosalina. <\/p>\n<p>Fausto pergunta para P\u00f3rcia quando ela vai noivar. Vera questiona Glaucia por ter dado um aumento para Vitor e insinua que Vitor \u00e9 o queridinho da cunhada; Glaucia lamenta por Vera n\u00e3o ir com a cara de Vitor. Trapa\u00e7a diz a Ian que troca de manual se ele enfrentar Muke no boxe. O detetive entrega intima\u00e7\u00e3o \u00e0 Mariana para prestar esclarecimentos ao delegado. Em conversa com Leandro, Glaucia e Fred imploram para comandar um novo projeto no CEC e Leandro aceita.<\/p>\n<p>Bernardo e Vera v\u00e3o viajar e deixam a chave do apartamento com Fausto, caso Romeu volte antes do acampamento. Ian foge na disputa de boxe com Muke. No acampamento, a terceira prova \u00e9 a ca\u00e7a ao tesouro; as equipes devem encontrar um ba\u00fa enterrado. Sem querer, Nando revela \u00e0 L\u00edvia que Mauro pagou a viagem para ela; Alex explica que \u00e9 verdade, mas mente dizendo que a atitude do pai foi para agradar a Telma. <\/p>\n<p>Na delegacia, Mariana conta que n\u00e3o tem envolvimento com Sim\u00e3o e entrega o novo n\u00famero do golpista ao delegado. Um papel de bala aparece na estufa de Clara e Vitor exp\u00f5e \u00e0 m\u00e3e que o doce \u00e9 importado e s\u00f3 vende no Monter Mercado; Vitor fala que vai ficar de olho em poss\u00edveis suspeitos.<\/p>\n<p>(*) edi\u00e7\u00e3o das novelas do SBT, \u201cA Inf\u00e2ncia de Romeu e Julieta\u201d, sujeito a altera\u00e7\u00e3o de data e conte\u00fado.<\/p>\n<p>Sinopse \u201cA Inf\u00e2ncia de Romeu e Julieta\u201d: A Trama se passa no bairro chamado castanheiras, em que duas fam\u00edlias com propostas diferentes para esse bairro vivem em disc\u00f3rdia, sendo divididas entre os lados Torre (Campos) e Vila (Monteiro).[6] Entretanto, Romeu (Miguel \u00c2ngelo) e Julieta (Vitt\u00f3ria Seixas) se conhecem, da\u00ed em diante, as fam\u00edlias rivais t\u00eam uma nova oportunidade de trazer paz e uni\u00e3o entre o conv\u00edvio deles. <\/p>\n<p>Romeu e Julieta n\u00e3o sabem como v\u00e3o fazer para ficarem juntos. A not\u00edcia do romance chega \u00e0s fam\u00edlias, que n\u00e3o gostam nada da hist\u00f3ria e tratam de afasta-los imediatamente, aprontando v\u00e1rias situa\u00e7\u00f5es. Romeu e Julieta querem acabar com essa hostilidade e tentam ir atr\u00e1s de uma solu\u00e7\u00e3o, mas ao descobrirem mais sobre a hist\u00f3ria de seus pais, percebem que pode ser imposs\u00edvel.<\/p>\n","protected":false},"excerpt":{"rendered":"<p>Resumo da novela \u201cA Inf\u00e2ncia de Romeu e Julieta\u201d em 30\/11: no cap\u00edtulo 149(*) da novela, a equipe \u201cFogo\u201d \u00e9 formada por Nando, Alex, T\u00e9o, L\u00edvia e Sofia, j\u00e1 a equipe \u201c\u00c1gua\u201d \u00e9 formada por Rosalina, Romeu, Karen, Julieta e Patrick; quem cumprir mais desafios vence no final. O primeiro desafio ganha quem montar as [&hellip;]<\/p>\n","protected":false},"author":5,"featured_media":232241,"comment_status":"closed","ping_status":"closed","sticky":false,"template":"","format":"standard","meta":{"tdm_status":"","tdm_grid_status":"","footnotes":""},"categories":[2306,379,2025,372,343],"tags":[441],"class_list":{"0":"post-239915","1":"post","2":"type-post","3":"status-publish","4":"format-standard","5":"has-post-thumbnail","7":"category-novela-romeu-e-julieta","8":"category-novelas","9":"category-resumo","10":"category-sbt","11":"category-televisao","12":"tag-resumo-do-dia"},"_links":{"self":[{"href":"https:\/\/migracao.redenoticia.com.br\/noticia\/wp-json\/wp\/v2\/posts\/239915","targetHints":{"allow":["GET"]}}],"collection":[{"href":"https:\/\/migracao.redenoticia.com.br\/noticia\/wp-json\/wp\/v2\/posts"}],"about":[{"href":"https:\/\/migracao.redenoticia.com.br\/noticia\/wp-json\/wp\/v2\/types\/post"}],"author":[{"embeddable":true,"href":"https:\/\/migracao.redenoticia.com.br\/noticia\/wp-json\/wp\/v2\/users\/5"}],"replies":[{"embeddable":true,"href":"https:\/\/migracao.redenoticia.com.br\/noticia\/wp-json\/wp\/v2\/comments?post=239915"}],"version-history":[{"count":0,"href":"https:\/\/migracao.redenoticia.com.br\/noticia\/wp-json\/wp\/v2\/posts\/239915\/revisions"}],"wp:featuredmedia":[{"embeddable":true,"href":"https:\/\/migracao.redenoticia.com.br\/noticia\/wp-json\/wp\/v2\/media\/232241"}],"wp:attachment":[{"href":"https:\/\/migracao.redenoticia.com.br\/noticia\/wp-json\/wp\/v2\/media?parent=239915"}],"wp:term":[{"taxonomy":"category","embeddable":true,"href":"https:\/\/migracao.redenoticia.com.br\/noticia\/wp-json\/wp\/v2\/categories?post=239915"},{"taxonomy":"post_tag","embeddable":true,"href":"https:\/\/migracao.redenoticia.com.br\/noticia\/wp-json\/wp\/v2\/tags?post=239915"}],"curies":[{"name":"wp","href":"https:\/\/api.w.org\/{rel}","templated":true}]}}