{"id":239917,"date":"2023-11-29T13:56:40","date_gmt":"2023-11-29T16:56:40","guid":{"rendered":"https:\/\/www.redenoticia.com.br\/noticia\/?p=239917"},"modified":"2023-11-29T13:56:40","modified_gmt":"2023-11-29T16:56:40","slug":"resumo-sera-isso-amor-30-11-melo-conta-a-ceren-que-selin-esta-gravida","status":"publish","type":"post","link":"https:\/\/migracao.redenoticia.com.br\/noticia\/2023\/resumo-sera-isso-amor-30-11-melo-conta-a-ceren-que-selin-esta-gravida\/239917","title":{"rendered":"Resumo \u201cSer\u00e1 Isso Amor?\u201d 30\/11: Melo conta a Ceren que Selin est\u00e1 gr\u00e1vida"},"content":{"rendered":"<p> <img loading=\"lazy\" decoding=\"async\" class=\"aligncenter size-full wp-image-235988\" src=\"https:\/\/migracao.redenoticia.com.br\/noticia\/imagens\/novela-sera-isso-amor-tnt-resumo-elenco.jpg\" alt=\"\" width=\"1280\" height=\"720\" srcset=\"https:\/\/migracao.redenoticia.com.br\/noticia\/imagens\/novela-sera-isso-amor-tnt-resumo-elenco.jpg 1280w, https:\/\/migracao.redenoticia.com.br\/noticia\/imagens\/novela-sera-isso-amor-tnt-resumo-elenco-250x140.jpg 250w, https:\/\/migracao.redenoticia.com.br\/noticia\/imagens\/novela-sera-isso-amor-tnt-resumo-elenco-400x225.jpg 400w, https:\/\/migracao.redenoticia.com.br\/noticia\/imagens\/novela-sera-isso-amor-tnt-resumo-elenco-768x432.jpg 768w, https:\/\/migracao.redenoticia.com.br\/noticia\/imagens\/novela-sera-isso-amor-tnt-resumo-elenco-150x84.jpg 150w\" sizes=\"auto, (max-width: 1280px) 100vw, 1280px\" \/><\/p>\n<p><strong><em>Resumo da novela \u201cSer\u00e1 Isso Amor?\u201d<\/em><\/strong> em 30\/11: no cap\u00edtulo 114(*) da novela, Melo conta sobre a gravidez de Selin para Eda. Eda vai falar com a mulher. Selin mostra os testes, mas diz que n\u00e3o contar\u00e1 a Serkan e ir\u00e1 embora. Eda, que cresceu sem pais, n\u00e3o quer concordar com isso. Quando vai \u00e0 festa, Serkan pede Eda em casamento, mas ela diz \u201cN\u00e3o\u201d por causa da gravidez que ela descobriu.<\/p>\n<p>Depois de ser rejeitado por Eda, Serkan se encontra em um constante estado de raiva. J\u00e1 Selin n\u00e3o quer que Serkan saiba que ela est\u00e1 gr\u00e1vida, e Aydan ainda n\u00e3o consegue superar o fato de ter visto Kemal novamente. &#8230; Quando Eda, ao saber da gravidez de Selin, responde negativamente a Serkan na frente de todos, a surpresa \u00e9 seguida de curiosidade. Serkan n\u00e3o consegue entender por que Eda disse \u201cN\u00e3o\u201d para ele. <\/p>\n<p>As pessoas ao seu redor lhe dizem que a mulher est\u00e1 passando por muita coisa e pedem que ele lhe d\u00ea um tempo. Ele quer entender por que \u00e9 assim. Essa incerteza o deixa muito nervoso. Selin pede a Eda que n\u00e3o conte a Serkan sobre a gravidez. Eda acha que o homem deveria saber. Melo conta a Ceren que Selin est\u00e1 gr\u00e1vida. Ceren aborda a situa\u00e7\u00e3o com ceticismo. Como resultado, Selin fez muitos truques para separar os dois amantes. Elas come\u00e7am a seguir Selin.<\/p>\n<p>(*) edi\u00e7\u00e3o das novelas da TNT\/HBO, \u201cSer\u00e1 Isso Amor?\u201d, sujeito a altera\u00e7\u00e3o de data e conte\u00fado.<\/p>\n<p>Sinopse &#8220;Ser\u00e1 Isso Amor?&#8221;: (Primeira Temporada) Eda n\u00e3o consegue concluir sua gradua\u00e7\u00e3o na faculdade de arquitetura paisag\u00edstica por causa de Serkan Bolat. Serkan tem uma ex-namorada, Selin, que ficou noiva recentemente ap\u00f3s o rompimento. Para recuper\u00e1-la, Serkan oferece a Eda um contrato segundo o qual ela deve fingir ser sua noiva por dois meses. Ela aceita a oferta e n\u00e3o demora para surgir algo entre eles. <\/p>\n<p>(Segunda Temporada) Serkan e Eda passam por momentos dif\u00edceis durante o tratamento de c\u00e2ncer dele, que fica obcecado com sua doen\u00e7a e que vira um homem completamente diferente ap\u00f3s sobreviver. Serkan volta a se concentrar apenas em seu trabalho, que aos poucos o afasta de Eda. Mais tarde, ela vai para a It\u00e1lia para concluir seus estudos, enquanto Serkan continua com sua vida. Mas quando eles finalmente se reencontram ap\u00f3s 5 longos anos, a vida tem uma surpresa para ambos.<\/p>\n","protected":false},"excerpt":{"rendered":"<p>Resumo da novela \u201cSer\u00e1 Isso Amor?\u201d em 30\/11: no cap\u00edtulo 114(*) da novela, Melo conta sobre a gravidez de Selin para Eda. Eda vai falar com a mulher. Selin mostra os testes, mas diz que n\u00e3o contar\u00e1 a Serkan e ir\u00e1 embora. Eda, que cresceu sem pais, n\u00e3o quer concordar com isso. Quando vai \u00e0 [&hellip;]<\/p>\n","protected":false},"author":3,"featured_media":235990,"comment_status":"closed","ping_status":"closed","sticky":false,"template":"","format":"standard","meta":{"tdm_status":"","tdm_grid_status":"","footnotes":""},"categories":[379,2025,2316,343,2315],"tags":[441],"class_list":{"0":"post-239917","1":"post","2":"type-post","3":"status-publish","4":"format-standard","5":"has-post-thumbnail","7":"category-novelas","8":"category-resumo","9":"category-sera-isso-amor","10":"category-televisao","11":"category-tnt","12":"tag-resumo-do-dia"},"_links":{"self":[{"href":"https:\/\/migracao.redenoticia.com.br\/noticia\/wp-json\/wp\/v2\/posts\/239917","targetHints":{"allow":["GET"]}}],"collection":[{"href":"https:\/\/migracao.redenoticia.com.br\/noticia\/wp-json\/wp\/v2\/posts"}],"about":[{"href":"https:\/\/migracao.redenoticia.com.br\/noticia\/wp-json\/wp\/v2\/types\/post"}],"author":[{"embeddable":true,"href":"https:\/\/migracao.redenoticia.com.br\/noticia\/wp-json\/wp\/v2\/users\/3"}],"replies":[{"embeddable":true,"href":"https:\/\/migracao.redenoticia.com.br\/noticia\/wp-json\/wp\/v2\/comments?post=239917"}],"version-history":[{"count":0,"href":"https:\/\/migracao.redenoticia.com.br\/noticia\/wp-json\/wp\/v2\/posts\/239917\/revisions"}],"wp:featuredmedia":[{"embeddable":true,"href":"https:\/\/migracao.redenoticia.com.br\/noticia\/wp-json\/wp\/v2\/media\/235990"}],"wp:attachment":[{"href":"https:\/\/migracao.redenoticia.com.br\/noticia\/wp-json\/wp\/v2\/media?parent=239917"}],"wp:term":[{"taxonomy":"category","embeddable":true,"href":"https:\/\/migracao.redenoticia.com.br\/noticia\/wp-json\/wp\/v2\/categories?post=239917"},{"taxonomy":"post_tag","embeddable":true,"href":"https:\/\/migracao.redenoticia.com.br\/noticia\/wp-json\/wp\/v2\/tags?post=239917"}],"curies":[{"name":"wp","href":"https:\/\/api.w.org\/{rel}","templated":true}]}}