{"id":24,"date":"2009-03-28T22:33:00","date_gmt":"2009-03-29T01:33:00","guid":{"rendered":"http:\/\/www.redenoticia.com.br\/noticia\/?p=24"},"modified":"2019-11-29T11:18:57","modified_gmt":"2019-11-29T14:18:57","slug":"calcario-em-rondonia-%e2%80%93-desembargo-sem-previsao","status":"publish","type":"post","link":"https:\/\/migracao.redenoticia.com.br\/noticia\/2009\/calcario-em-rondonia-%e2%80%93-desembargo-sem-previsao\/24","title":{"rendered":"Calc\u00e1rio em Rond\u00f4nia \u2013 desembargo sem previs\u00e3o"},"content":{"rendered":"<p> <img loading=\"lazy\" decoding=\"async\" src=\"https:\/\/migracao.redenoticia.com.br\/noticia\/imagens\/Funcionarios-da-Usina-Santo-Antonio-em-Rondonia-250x187.jpg\" alt=\"\" width=\"250\" height=\"187\" class=\"alignnone size-medium wp-image-17292\" srcset=\"https:\/\/migracao.redenoticia.com.br\/noticia\/imagens\/Funcionarios-da-Usina-Santo-Antonio-em-Rondonia-250x187.jpg 250w, https:\/\/migracao.redenoticia.com.br\/noticia\/imagens\/Funcionarios-da-Usina-Santo-Antonio-em-Rondonia-150x113.jpg 150w, https:\/\/migracao.redenoticia.com.br\/noticia\/imagens\/Funcionarios-da-Usina-Santo-Antonio-em-Rondonia-265x198.jpg 265w, https:\/\/migracao.redenoticia.com.br\/noticia\/imagens\/Funcionarios-da-Usina-Santo-Antonio-em-Rondonia-149x112.jpg 149w, https:\/\/migracao.redenoticia.com.br\/noticia\/imagens\/Funcionarios-da-Usina-Santo-Antonio-em-Rondonia-249x187.jpg 249w, https:\/\/migracao.redenoticia.com.br\/noticia\/imagens\/Funcionarios-da-Usina-Santo-Antonio-em-Rondonia.jpg 300w\" sizes=\"auto, (max-width: 250px) 100vw, 250px\" \/><\/p>\n<p>&#8220;Os produtores de Rond\u00f4nia est\u00e3o h\u00e1 um ano sendo prejudicados pela insensibilidade do Ibama. Neste m\u00eas de mar\u00e7o completou um ano que a jazida de calc\u00e1rio de Espig\u00e3o D &#8216;Oeste foi fechada pelo Ibama e os produtores est\u00e3o sendo obrigados a comprar calc\u00e1rio no Estado do Mato Grosso onde o pre\u00e7o \u00e9 muito mais caro&#8221;. Foi com essas palavras que o deputado estadual Jesualdo Pires (PSB de Ji-Paran\u00e1) ao usar a tribuna da Assembl\u00e9ia Legislativa resumiu a situa\u00e7\u00e3o de produtores rurais quanto \u00e0 interdi\u00e7\u00e3o da \u00fanica Jazida de Calc\u00e1rio de Rond\u00f4nia.<\/p>\n<p class=\"MsoNormal\">\n<p class=\"MsoNormal\"><span>Segundo o IBAMA, a<\/span> <span>Empresa de Minera\u00e7\u00e3o Aripuan\u00e3 &#8211; EMAL vinha explorando calc\u00e1rio, desconhecendo at\u00e9 ent\u00e3o, a proximidade da maior cavidade subterr\u00e2nea do estado de Rond\u00f4nia, a Gruta da Cu\u00edca, na cidade de Pimenta Bueno. Acidentalmente encontrou a referida caverna que possu\u00ed 415 metros de extens\u00e3o, tendo um sal\u00e3o principal de 200 metros, dos quais 20 metros foram destru\u00eddos pela atividade extrativista, al\u00e9m de cavernas menores totalmente destru\u00eddas. Motivos que justificaram a autua\u00e7\u00e3o e o embargo da empresa.<\/span><\/p>\n<p>A jazida que estava sendo explorada encontrava-se a apenas 100m da entrada da caverna, onde se reproduz esp\u00e9cie rara de morcegos e uma diversidade faun\u00edstica de relev\u00e2ncia regional, inclusive para a manuten\u00e7\u00e3o de esp\u00e9cies end\u00eamicas, al\u00e9m do afloramento de aq\u00fc\u00edfero c\u00e1rstico important\u00edssimo para o regime h\u00eddrico local. As etapas para promover o desembargo j\u00e1 foram encaminhadas a empresa por meio do of\u00edcio n\u00b0 37 de 14 de janeiro de 2009, que constam de: 1 &#8211; repara\u00e7\u00e3o do dano ambiental; 2 &#8211; regulariza\u00e7\u00e3o do licenciamento ambiental, que deve ser feito junto a Secretaria de Estado de Desenvolvimento Ambiental &#8211; SEDAM, com anu\u00eancia do Centro Nacional de Estudo, Prote\u00e7\u00e3o e Manejo de Cavernas &#8211; CECAV, hoje pertencente ao Instituto Chico Mendes de Conserva\u00e7\u00e3o da Biodiversidade &#8211; ICMBio, que trata especificamente de cavidades naturais subterr\u00e2neas. O desembargo depende dos estudos que devem ser feitos pelo empreendedor, da anu\u00eancia do CECAV, isto \u00e9, das entidades ambientais envolvidas SEDAM e ICMBio. O IBAMA destaca ainda que no in\u00edcio de mar\u00e7o recebeu do Minist\u00e9rio P\u00fablico Federal uma recomenda\u00e7\u00e3o pela manuten\u00e7\u00e3o do embargo. <span>Com base nesta informa\u00e7\u00e3o podemos esperar que o custo da produ\u00e7\u00e3o agr\u00edcola e manuten\u00e7\u00e3o das pastagens deve se manter em alta e repassado ao consumidor final.<\/span> <span>Fonte Assessoria Ibama e Dep. Jesualdo Pires<\/span><\/p>\n","protected":false},"excerpt":{"rendered":"<p>&#8220;Os produtores de Rond\u00f4nia est\u00e3o h\u00e1 um ano sendo prejudicados pela insensibilidade do Ibama. Neste m\u00eas de mar\u00e7o completou um ano que a jazida de calc\u00e1rio de Espig\u00e3o D &#8216;Oeste foi fechada pelo Ibama e os produtores est\u00e3o sendo obrigados a comprar calc\u00e1rio no Estado do Mato Grosso onde o pre\u00e7o \u00e9 muito mais caro&#8221;. [&hellip;]<\/p>\n","protected":false},"author":2,"featured_media":0,"comment_status":"open","ping_status":"open","sticky":false,"template":"","format":"standard","meta":{"tdm_status":"","tdm_grid_status":"","footnotes":""},"categories":[7],"tags":[],"class_list":{"0":"post-24","1":"post","2":"type-post","3":"status-publish","4":"format-standard","6":"category-economia"},"_links":{"self":[{"href":"https:\/\/migracao.redenoticia.com.br\/noticia\/wp-json\/wp\/v2\/posts\/24","targetHints":{"allow":["GET"]}}],"collection":[{"href":"https:\/\/migracao.redenoticia.com.br\/noticia\/wp-json\/wp\/v2\/posts"}],"about":[{"href":"https:\/\/migracao.redenoticia.com.br\/noticia\/wp-json\/wp\/v2\/types\/post"}],"author":[{"embeddable":true,"href":"https:\/\/migracao.redenoticia.com.br\/noticia\/wp-json\/wp\/v2\/users\/2"}],"replies":[{"embeddable":true,"href":"https:\/\/migracao.redenoticia.com.br\/noticia\/wp-json\/wp\/v2\/comments?post=24"}],"version-history":[{"count":0,"href":"https:\/\/migracao.redenoticia.com.br\/noticia\/wp-json\/wp\/v2\/posts\/24\/revisions"}],"wp:attachment":[{"href":"https:\/\/migracao.redenoticia.com.br\/noticia\/wp-json\/wp\/v2\/media?parent=24"}],"wp:term":[{"taxonomy":"category","embeddable":true,"href":"https:\/\/migracao.redenoticia.com.br\/noticia\/wp-json\/wp\/v2\/categories?post=24"},{"taxonomy":"post_tag","embeddable":true,"href":"https:\/\/migracao.redenoticia.com.br\/noticia\/wp-json\/wp\/v2\/tags?post=24"}],"curies":[{"name":"wp","href":"https:\/\/api.w.org\/{rel}","templated":true}]}}