{"id":240055,"date":"2023-12-02T17:57:10","date_gmt":"2023-12-02T20:57:10","guid":{"rendered":"https:\/\/www.redenoticia.com.br\/noticia\/?p=240055"},"modified":"2023-12-04T13:13:43","modified_gmt":"2023-12-04T16:13:43","slug":"resumo-a-infancia-de-romeu-e-julieta-04-12-patrick-e-karen-se-perdem-na-floresta","status":"publish","type":"post","link":"https:\/\/migracao.redenoticia.com.br\/noticia\/2023\/resumo-a-infancia-de-romeu-e-julieta-04-12-patrick-e-karen-se-perdem-na-floresta\/240055","title":{"rendered":"Resumo \u201cA Inf\u00e2ncia de Romeu e Julieta\u201d 04\/12: Patrick e Karen se perdem na floresta"},"content":{"rendered":"<p> <img loading=\"lazy\" decoding=\"async\" src=\"https:\/\/migracao.redenoticia.com.br\/noticia\/imagens\/novela-romeu-e-julieta-sbt-elenco-resumo.jpg\" alt=\"\" width=\"1280\" height=\"720\" class=\"aligncenter size-full wp-image-232242\" srcset=\"https:\/\/migracao.redenoticia.com.br\/noticia\/imagens\/novela-romeu-e-julieta-sbt-elenco-resumo.jpg 1280w, https:\/\/migracao.redenoticia.com.br\/noticia\/imagens\/novela-romeu-e-julieta-sbt-elenco-resumo-250x140.jpg 250w, https:\/\/migracao.redenoticia.com.br\/noticia\/imagens\/novela-romeu-e-julieta-sbt-elenco-resumo-400x225.jpg 400w, https:\/\/migracao.redenoticia.com.br\/noticia\/imagens\/novela-romeu-e-julieta-sbt-elenco-resumo-768x432.jpg 768w, https:\/\/migracao.redenoticia.com.br\/noticia\/imagens\/novela-romeu-e-julieta-sbt-elenco-resumo-150x84.jpg 150w\" sizes=\"auto, (max-width: 1280px) 100vw, 1280px\" \/><\/p>\n<p><strong><em>Resumo da novela \u201cA Inf\u00e2ncia de Romeu e Julieta\u201d<\/em><\/strong> em 04\/12: no cap\u00edtulo 151(*) da novela, Alex e Nando perguntam para T\u00e9o sobre o pai biol\u00f3gico dele. L\u00edvia e Sofia est\u00e3o na mesma barraca, e o di\u00e1logo \u00e9 sobre os meninos. L\u00edvia comenta que gosta de Alex mesmo depois das brigas e questiona Sofia sobre o sentimento por T\u00e9o. Romeu e Julieta esperam todos dormirem para se encontrarem. Eles v\u00e3o at\u00e9 um lago e brincam de atirar preta na \u00e1gua. Karen percebe a aus\u00eancia de Julieta e chama Patrick para ir atr\u00e1s do casal. Mariana pergunta para Amanda se o pai do T\u00e9o \u00e9 algu\u00e9m conhecido. Fausto percebe que deixou o notebook na casa de Bernardo e Vera e vai em busca do aparelho. Bass\u00e2nio encontra Vitor e P\u00f3rcia na rua e d\u00e1 parab\u00e9ns pelo noivado, alegando que Fausto contou a not\u00edcia. P\u00f3rcia e Vitor n\u00e3o sabiam sobre o noivado.<\/p>\n<p>A s\u00f3s, Vitor e P\u00f3rcia discutem sobre o casamento e ambos n\u00e3o desejam trocar alian\u00e7as no momento. Ap\u00f3s ter desaparecido, Ian volta para casa e encontra com o pai. Romeu e Julieta escutam passos vindo da floresta e saem correndo do local. Karen e Patrick entram na mata em busca de Romeu e Julieta. Em um flashback, Gl\u00e1ucia conta para Fred a hist\u00f3ria de como pegou o colar da m\u00e3e, o mesmo que Leandro presenteou Vera. Dimitri repara em Gl\u00e1ucia com a linda joia. F\u00ea Dengosa escuta Trapa\u00e7a chamar Leon e conta aos amigos que a l\u00edder do grupo est\u00e1 estranha. Patrick e Karen desaparecem na floresta, e Romeu e Julieta alertam os adultos.<\/p>\n<p>(*) edi\u00e7\u00e3o das novelas do SBT, \u201cA Inf\u00e2ncia de Romeu e Julieta\u201d, sujeito a altera\u00e7\u00e3o de data e conte\u00fado.<\/p>\n<p>Sinopse \u201cA Inf\u00e2ncia de Romeu e Julieta\u201d: A Trama se passa no bairro chamado castanheiras, em que duas fam\u00edlias com propostas diferentes para esse bairro vivem em disc\u00f3rdia, sendo divididas entre os lados Torre (Campos) e Vila (Monteiro). Entretanto, Romeu (Miguel \u00c2ngelo) e Julieta (Vitt\u00f3ria Seixas) se conhecem, da\u00ed em diante, as fam\u00edlias rivais t\u00eam uma nova oportunidade de trazer paz e uni\u00e3o entre o conv\u00edvio deles. <\/p>\n<p>Romeu e Julieta n\u00e3o sabem como v\u00e3o fazer para ficarem juntos. A not\u00edcia do romance chega \u00e0s fam\u00edlias, que n\u00e3o gostam nada da hist\u00f3ria e tratam de afasta-los imediatamente, aprontando v\u00e1rias situa\u00e7\u00f5es. Romeu e Julieta querem acabar com essa hostilidade e tentam ir atr\u00e1s de uma solu\u00e7\u00e3o, mas ao descobrirem mais sobre a hist\u00f3ria de seus pais, percebem que pode ser imposs\u00edvel.<\/p>\n","protected":false},"excerpt":{"rendered":"<p>Resumo da novela \u201cA Inf\u00e2ncia de Romeu e Julieta\u201d em 04\/12: no cap\u00edtulo 151(*) da novela, Alex e Nando perguntam para T\u00e9o sobre o pai biol\u00f3gico dele. L\u00edvia e Sofia est\u00e3o na mesma barraca, e o di\u00e1logo \u00e9 sobre os meninos. L\u00edvia comenta que gosta de Alex mesmo depois das brigas e questiona Sofia sobre [&hellip;]<\/p>\n","protected":false},"author":5,"featured_media":232241,"comment_status":"closed","ping_status":"closed","sticky":false,"template":"","format":"standard","meta":{"tdm_status":"","tdm_grid_status":"","footnotes":""},"categories":[2306,379,2025,372,343],"tags":[441],"class_list":{"0":"post-240055","1":"post","2":"type-post","3":"status-publish","4":"format-standard","5":"has-post-thumbnail","7":"category-novela-romeu-e-julieta","8":"category-novelas","9":"category-resumo","10":"category-sbt","11":"category-televisao","12":"tag-resumo-do-dia"},"_links":{"self":[{"href":"https:\/\/migracao.redenoticia.com.br\/noticia\/wp-json\/wp\/v2\/posts\/240055","targetHints":{"allow":["GET"]}}],"collection":[{"href":"https:\/\/migracao.redenoticia.com.br\/noticia\/wp-json\/wp\/v2\/posts"}],"about":[{"href":"https:\/\/migracao.redenoticia.com.br\/noticia\/wp-json\/wp\/v2\/types\/post"}],"author":[{"embeddable":true,"href":"https:\/\/migracao.redenoticia.com.br\/noticia\/wp-json\/wp\/v2\/users\/5"}],"replies":[{"embeddable":true,"href":"https:\/\/migracao.redenoticia.com.br\/noticia\/wp-json\/wp\/v2\/comments?post=240055"}],"version-history":[{"count":0,"href":"https:\/\/migracao.redenoticia.com.br\/noticia\/wp-json\/wp\/v2\/posts\/240055\/revisions"}],"wp:featuredmedia":[{"embeddable":true,"href":"https:\/\/migracao.redenoticia.com.br\/noticia\/wp-json\/wp\/v2\/media\/232241"}],"wp:attachment":[{"href":"https:\/\/migracao.redenoticia.com.br\/noticia\/wp-json\/wp\/v2\/media?parent=240055"}],"wp:term":[{"taxonomy":"category","embeddable":true,"href":"https:\/\/migracao.redenoticia.com.br\/noticia\/wp-json\/wp\/v2\/categories?post=240055"},{"taxonomy":"post_tag","embeddable":true,"href":"https:\/\/migracao.redenoticia.com.br\/noticia\/wp-json\/wp\/v2\/tags?post=240055"}],"curies":[{"name":"wp","href":"https:\/\/api.w.org\/{rel}","templated":true}]}}