{"id":24007,"date":"2010-03-03T11:48:59","date_gmt":"2010-03-03T15:48:59","guid":{"rendered":"http:\/\/www.redenoticia.com.br\/noticia\/?p=24007"},"modified":"2012-04-02T15:42:01","modified_gmt":"2012-04-02T18:42:01","slug":"poder-paralelo-identidade-do-guri-foi-revelada","status":"publish","type":"post","link":"https:\/\/migracao.redenoticia.com.br\/noticia\/2010\/poder-paralelo-identidade-do-guri-foi-revelada\/24007","title":{"rendered":"Poder Paralelo \u2013 Identidade do Guri foi revelada"},"content":{"rendered":"<p><img loading=\"lazy\" decoding=\"async\" class=\"alignleft size-full wp-image-17363\" title=\"novela record poder paralelo\" src=\"https:\/\/migracao.redenoticia.com.br\/noticia\/imagens\/novela-record-poder-paralelo.jpg\" alt=\"\" width=\"300\" height=\"193\" srcset=\"https:\/\/migracao.redenoticia.com.br\/noticia\/imagens\/novela-record-poder-paralelo.jpg 300w, https:\/\/migracao.redenoticia.com.br\/noticia\/imagens\/novela-record-poder-paralelo-250x160.jpg 250w, https:\/\/migracao.redenoticia.com.br\/noticia\/imagens\/novela-record-poder-paralelo-150x96.jpg 150w\" sizes=\"auto, (max-width: 300px) 100vw, 300px\" \/>Final de <strong><em>Poder Paralelo<\/em><\/strong>, <strong><em>novela<\/em><\/strong> da Rede Record &#8211; A identidade do <strong><em>Guri<\/em><\/strong> foi o mist\u00e9rio do \u00faltimo cap\u00edtulo da novela Poder Paralelo da Rede Record. O nome do Guri, o assassino que matava com um tiro na nuca e deixava uma foto de Bruno (Marcelo Serrado), quando menino junto aos corpos em Poder Paralelo foi finalmente foi revelado. Ele \u00e9 Paulo Garzia (Nicola Siri), o italiano refinado, advogado e conselheiro de Tony (Gabriel Braga Nunes).<\/p>\n<p>Mas Paulo tinha uma comparsa, a fria e ambiciosa Neide (Maria Carolina Ribeiro). A secret\u00e1ria tinha caso com Armando (Cecil Thir\u00e9), sogro de Bruno (Marcelo Serrado), que tamb\u00e9m acabou se tornando amante dela. A descoberta foi feita quando dois encapuzados tentaram matar Tony e Fernanda (Paloma Duarte). Tony consegue acertar o primeiro assassino, que \u00e9 Neide e morre na hora. Depois, ele vai atr\u00e1s do segundo elemento e descobre que Paulo, seu bra\u00e7o direito, tinha inveja dele, foi respons\u00e1vel por colocar as bombas que mataram sua mulher e filhas.<\/p>\n<p>&#8211; Voc\u00ea tinha todas as regalias, era o homem da DEA. Eu n\u00e3o tinha chance. Me tratava como um empregado. Na DEA eu era um burocrata e voc\u00ea um g\u00eanio. Eu queria o seu lugar e o do Bruno.<\/p>\n<p>Juracy descobriu a hist\u00f3ria e contou para Neide. Ambos quiseram extorquir Paulo, mas o advogado seduz a secret\u00e1ria e juntos armam a morte de Juracy que morre no mesmo dia que Mamma Fredda (Lu Grimaldi) pois ele revelou para ela a verdade sobre o melhor amigo do filho.<\/p>\n<p>Mas Paulo tinha \u00e2nsia de poder e quis tamb\u00e9m ocupar olugar de Bruno. Na conversa final com Tony, ele deixa claro seus motivos.<\/p>\n<p>&#8211; Queria ser forte como voc\u00ea e o Bruno.<\/p>\n<p>Poder Paralelo &#8211; Giovani Lettiere, do R7, no Rio<\/p>\n","protected":false},"excerpt":{"rendered":"<p>Final de Poder Paralelo, novela da Rede Record &#8211; A identidade do Guri foi o mist\u00e9rio do \u00faltimo cap\u00edtulo da novela Poder Paralelo da Rede Record. O nome do Guri, o assassino que matava com um tiro na nuca e deixava uma foto de Bruno (Marcelo Serrado), quando menino junto aos corpos em Poder Paralelo [&hellip;]<\/p>\n","protected":false},"author":3,"featured_media":17363,"comment_status":"open","ping_status":"open","sticky":false,"template":"","format":"standard","meta":{"tdm_status":"","tdm_grid_status":"","footnotes":""},"categories":[22,379,371,343],"tags":[],"class_list":{"0":"post-24007","1":"post","2":"type-post","3":"status-publish","4":"format-standard","5":"has-post-thumbnail","7":"category-brasil","8":"category-novelas","9":"category-rede-record","10":"category-televisao"},"_links":{"self":[{"href":"https:\/\/migracao.redenoticia.com.br\/noticia\/wp-json\/wp\/v2\/posts\/24007","targetHints":{"allow":["GET"]}}],"collection":[{"href":"https:\/\/migracao.redenoticia.com.br\/noticia\/wp-json\/wp\/v2\/posts"}],"about":[{"href":"https:\/\/migracao.redenoticia.com.br\/noticia\/wp-json\/wp\/v2\/types\/post"}],"author":[{"embeddable":true,"href":"https:\/\/migracao.redenoticia.com.br\/noticia\/wp-json\/wp\/v2\/users\/3"}],"replies":[{"embeddable":true,"href":"https:\/\/migracao.redenoticia.com.br\/noticia\/wp-json\/wp\/v2\/comments?post=24007"}],"version-history":[{"count":0,"href":"https:\/\/migracao.redenoticia.com.br\/noticia\/wp-json\/wp\/v2\/posts\/24007\/revisions"}],"wp:featuredmedia":[{"embeddable":true,"href":"https:\/\/migracao.redenoticia.com.br\/noticia\/wp-json\/wp\/v2\/media\/17363"}],"wp:attachment":[{"href":"https:\/\/migracao.redenoticia.com.br\/noticia\/wp-json\/wp\/v2\/media?parent=24007"}],"wp:term":[{"taxonomy":"category","embeddable":true,"href":"https:\/\/migracao.redenoticia.com.br\/noticia\/wp-json\/wp\/v2\/categories?post=24007"},{"taxonomy":"post_tag","embeddable":true,"href":"https:\/\/migracao.redenoticia.com.br\/noticia\/wp-json\/wp\/v2\/tags?post=24007"}],"curies":[{"name":"wp","href":"https:\/\/api.w.org\/{rel}","templated":true}]}}