{"id":2401,"date":"2009-06-05T13:48:26","date_gmt":"2009-06-05T17:48:26","guid":{"rendered":"http:\/\/www.redenoticia.com.br\/noticia\/?p=2401"},"modified":"2009-11-05T18:59:07","modified_gmt":"2009-11-05T22:59:07","slug":"sefin-prioriza-questoes-aduaneiras-entre-rondonia-e-peru","status":"publish","type":"post","link":"https:\/\/migracao.redenoticia.com.br\/noticia\/2009\/sefin-prioriza-questoes-aduaneiras-entre-rondonia-e-peru\/2401","title":{"rendered":"SEFIN prioriza quest\u00f5es aduaneiras entre Rond\u00f4nia e Peru"},"content":{"rendered":"<p class=\"MsoNormal\"><span style=\"font-size: 11pt; font-family: Arial;\">O Coordenador da Receita Estadual (CRE\/SEFIN), Ciro Muneo Funada, reuniu os gerentes setoriais, Daniel Castro (Tributa\u00e7\u00e3o-GETRI), Adailton Lima (Fiscaliza\u00e7\u00e3o-GEFIS), Robson Silva (Arrecada\u00e7\u00e3o-GEAR), C\u00e9sar Luis (CONSIT) e Francisca Lucilene da Silveira (Profisco\/RO) para fazer um resumo da viagem e orientar sobre a\u00e7\u00f5es e estudos necess\u00e1rios ao aproveitamento do que foi colhido durante o percurso da Comitiva de Rond\u00f4nia nos pa\u00edses vizinhos. O assunto central da agenda estabelecida pelos pa\u00edses girou em torno de poss\u00edveis negocia\u00e7\u00f5es sobre importa\u00e7\u00e3o e exporta\u00e7\u00e3o com expressivo interesse dos governos visitados e facilitados pela \u00f3tima condi\u00e7\u00e3o de tr\u00e1fego da estrada.<\/span><\/p>\n<p class=\"MsoNormal\"><span style=\"font-size: 11pt; font-family: Arial;\">Funada conduziu a reuni\u00e3o objetivando iniciar levantamentos dos fatores necess\u00e1rios para a concretiza\u00e7\u00e3o das rela\u00e7\u00f5es comerciais entre os pa\u00edses. Junto aos Minist\u00e9rios das Rela\u00e7\u00f5es Exteriores e Ind\u00fastria, Com\u00e9rcio Exterior, buscar-se-\u00e1 informa\u00e7\u00f5es indicando regras, barreiras tribut\u00e1rias, alfandeg\u00e1rias e sanit\u00e1rias e o tratamento que ser\u00e1 dado por produtos e por pa\u00eds dentro da Am\u00e9rica Latina. \u201cQueremos fazer um comparativo em rela\u00e7\u00e3o a esse tratamento diferenciado para determinados pa\u00edses e saber como Rond\u00f4nia poder\u00e1 ter o mesmo trato. Sabemos que h\u00e1 tamb\u00e9m um acordo firmado entre o Acre e o Peru com facilidades aduaneiras. N\u00f3s queremos o mesmo tratamento para exportar nossos produtos e importar os deles tamb\u00e9m\u201d, enfatiza Funada.<\/span><\/p>\n<p class=\"MsoNormal\"><span style=\"font-size: 11pt; font-family: Arial;\">Entre os produtos peruanos que chamaram a aten\u00e7\u00e3o das autoridades e empres\u00e1rios de Rond\u00f4nia nessa viagem, est\u00e3o: batata (h\u00e1 170 tipos no Peru), cebola, alho, azeite de oliva, azeitona, or\u00e9gano, flores, abacate e a truta. Produtos que, segundo o coordenador da Receita Estadual, Rond\u00f4nia tem interesse imediato de importar enquanto que o Estado est\u00e1 apto a oferecer carne bovina (inclusive o chamado \u201cboi verde\u201d), madeira, caf\u00e9, arroz, feij\u00e3o, \u00f3leo, soja e girassol, queijo e outros derivados de leite, polpa de fruta, cacau, palmito, etc. \u201cEsse interc\u00e2mbio comercial vai fazer com que as mercadorias peruanas cheguem mais r\u00e1pido \u00e0 mesa do consumidor rondoniense e vice versa, al\u00e9m de baratear o frete\u201d, argumenta.<\/span><\/p>\n<p class=\"MsoNormal\"><strong><span style=\"font-size: 11pt; font-family: Arial;\">Porto Seco<\/span><\/strong><span style=\"font-size: 11pt; font-family: Arial;\"> <\/span><\/p>\n<p class=\"MsoNormal\"><span style=\"font-size: 11pt; font-family: Arial;\">Um estudo sobre Porto Seco ou EADI (Esta\u00e7\u00e3o Aduaneira Interior), tamb\u00e9m foi conferido aos gerentes. O coordenador da CRE\/SEFIN quer saber as possibilidades de construir um porto seco em Rond\u00f4nia. Um dep\u00f3sito alfandegado que poder\u00e1 ser constru\u00eddo no interior do Estado, com capacidade de receber cargas consolidadas, que podem ser nacionalizadas de imediato ou trabalhar como entreposto aduaneiro. Dessa forma, a EADI armazenaria a mercadoria do importador pelo per\u00edodo que este desejar, em regime de suspens\u00e3o de impostos, podendo fazer inclusive a nacionaliza\u00e7\u00e3o fracionada. \u201cO Governo do Estado pretende investir em Porto Seco para movimentar a carga de importa\u00e7\u00e3o, e o mesmo pode acontecer na exporta\u00e7\u00e3o. Um mecanismo pouco conhecido por exportadores e com boas condi\u00e7\u00f5es para atender \u00e0s necessidades de exporta\u00e7\u00e3o, como no caso espec\u00edfico, que \u00e9 o Dep\u00f3sito Alfandegado Certificado-DAC\u201d, enfatiza.<\/span><\/p>\n<p class=\"MsoNormal\"><span style=\"font-size: 11pt; font-family: Arial;\">O DAC \u00e9 um sistema que permite o exportador utilizar a Esta\u00e7\u00e3o Aduaneira Interior para depositar sua carga e, a partir do momento que esta entra na esta\u00e7\u00e3o, todos os documentos referentes \u00e0 transa\u00e7\u00e3o podem ser negociados normalmente como se a mercadoria j\u00e1 estivesse embarcada. Atrav\u00e9s do sistema, o custo de armazenagem fica a cargo do importador e, assim que a carga \u00e9 colocada dentro do Porto Seco (EADI), acabam as responsabilidade do exportador sobre ela. \u201cTamb\u00e9m podemos utilizar os recursos de nosso Porto Organizado, desde que a burocracia seja reduzida, e o objetivo da Secretaria Estadual de Finan\u00e7as na expedi\u00e7\u00e3o \u00e9 a efetiva\u00e7\u00e3o comercial entre os empres\u00e1rios de Rond\u00f4nia e peruanos\u201d, finaliza Funada. <\/span><\/p>\n<p class=\"MsoNormal\"><span style=\"font-size: 11pt; font-family: Arial;\"> <\/span><\/p>\n<p class=\"MsoNormal\"><span style=\"font-size: 11pt; font-family: Arial;\"> <\/span><\/p>\n<p class=\"MsoNormal\"><strong><span style=\"font-size: 11pt; font-family: Arial;\">Fonte: <\/span><\/strong><span style=\"font-size: 11pt; font-family: Arial;\">A\/I SEFIN &#8211; Secretaria de Fazenda<\/span><\/p>\n","protected":false},"excerpt":{"rendered":"<p>O Coordenador da Receita Estadual (CRE\/SEFIN), Ciro Muneo Funada, reuniu os gerentes setoriais, Daniel Castro (Tributa\u00e7\u00e3o-GETRI), Adailton Lima (Fiscaliza\u00e7\u00e3o-GEFIS), Robson Silva (Arrecada\u00e7\u00e3o-GEAR), C\u00e9sar Luis (CONSIT) e Francisca Lucilene da Silveira (Profisco\/RO) para fazer um resumo da viagem e orientar sobre a\u00e7\u00f5es e estudos necess\u00e1rios ao aproveitamento do que foi colhido durante o percurso da Comitiva [&hellip;]<\/p>\n","protected":false},"author":3,"featured_media":0,"comment_status":"open","ping_status":"open","sticky":false,"template":"","format":"standard","meta":{"tdm_status":"","tdm_grid_status":"","footnotes":""},"categories":[22,7],"tags":[],"class_list":{"0":"post-2401","1":"post","2":"type-post","3":"status-publish","4":"format-standard","6":"category-brasil","7":"category-economia"},"_links":{"self":[{"href":"https:\/\/migracao.redenoticia.com.br\/noticia\/wp-json\/wp\/v2\/posts\/2401","targetHints":{"allow":["GET"]}}],"collection":[{"href":"https:\/\/migracao.redenoticia.com.br\/noticia\/wp-json\/wp\/v2\/posts"}],"about":[{"href":"https:\/\/migracao.redenoticia.com.br\/noticia\/wp-json\/wp\/v2\/types\/post"}],"author":[{"embeddable":true,"href":"https:\/\/migracao.redenoticia.com.br\/noticia\/wp-json\/wp\/v2\/users\/3"}],"replies":[{"embeddable":true,"href":"https:\/\/migracao.redenoticia.com.br\/noticia\/wp-json\/wp\/v2\/comments?post=2401"}],"version-history":[{"count":0,"href":"https:\/\/migracao.redenoticia.com.br\/noticia\/wp-json\/wp\/v2\/posts\/2401\/revisions"}],"wp:attachment":[{"href":"https:\/\/migracao.redenoticia.com.br\/noticia\/wp-json\/wp\/v2\/media?parent=2401"}],"wp:term":[{"taxonomy":"category","embeddable":true,"href":"https:\/\/migracao.redenoticia.com.br\/noticia\/wp-json\/wp\/v2\/categories?post=2401"},{"taxonomy":"post_tag","embeddable":true,"href":"https:\/\/migracao.redenoticia.com.br\/noticia\/wp-json\/wp\/v2\/tags?post=2401"}],"curies":[{"name":"wp","href":"https:\/\/api.w.org\/{rel}","templated":true}]}}