{"id":240104,"date":"2023-12-04T12:54:36","date_gmt":"2023-12-04T15:54:36","guid":{"rendered":"https:\/\/www.redenoticia.com.br\/noticia\/?p=240104"},"modified":"2023-12-04T12:54:36","modified_gmt":"2023-12-04T15:54:36","slug":"resumo-abismo-de-paixao-05-12-florencia-ve-damiao-e-elisa-abracados","status":"publish","type":"post","link":"https:\/\/migracao.redenoticia.com.br\/noticia\/2023\/resumo-abismo-de-paixao-05-12-florencia-ve-damiao-e-elisa-abracados\/240104","title":{"rendered":"Resumo \u201cAbismo de Paix\u00e3o\u201d 05\/12: Flor\u00eancia v\u00ea Dami\u00e3o e Elisa abra\u00e7ados"},"content":{"rendered":"<p> <img loading=\"lazy\" decoding=\"async\" src=\"https:\/\/migracao.redenoticia.com.br\/noticia\/imagens\/abismo-de-paixao-novela-resumo.jpg\" alt=\"\" width=\"1280\" height=\"720\" class=\"aligncenter size-full wp-image-240071\" srcset=\"https:\/\/migracao.redenoticia.com.br\/noticia\/imagens\/abismo-de-paixao-novela-resumo.jpg 1280w, https:\/\/migracao.redenoticia.com.br\/noticia\/imagens\/abismo-de-paixao-novela-resumo-250x140.jpg 250w, https:\/\/migracao.redenoticia.com.br\/noticia\/imagens\/abismo-de-paixao-novela-resumo-400x225.jpg 400w, https:\/\/migracao.redenoticia.com.br\/noticia\/imagens\/abismo-de-paixao-novela-resumo-768x432.jpg 768w, https:\/\/migracao.redenoticia.com.br\/noticia\/imagens\/abismo-de-paixao-novela-resumo-150x85.jpg 150w\" sizes=\"auto, (max-width: 1280px) 100vw, 1280px\" \/> <\/p>\n<p><strong><em>Resumo da novela \u201cAbismo de Paix\u00e3o\u201d<\/em><\/strong> em 05\/12: no cap\u00edtulo 020(*) da novela, Dami\u00e3o convida Gael a sua festa de compromisso com Flor\u00eancia e diz que n\u00e3o entende porque ele o trata t\u00e3o mal, j\u00e1 que cresceram juntos e eram os melhores amigos. Gael agradece o convite, mas diz a Dami\u00e3o que a Almerinda n\u00e3o agradaria sua presen\u00e7a. Gael fala das cartas nunca respondidas e Dami\u00e3o garante que nunca as recebeu. Eles ent\u00e3o se abra\u00e7am com carinho. Augusto expulsa Elisa de sua casa. Dami\u00e3o a encontra chorando e pede que confie nele. Elisa o abra\u00e7a, chorando, e diz que est\u00e1 cansada de sofrer, e isso vem desde que sua m\u00e3e morreu. Flor\u00eancia, furiosa, presencia a cena de Dami\u00e3o e Elisa abra\u00e7ados.<\/p>\n<p>Padre Lupe diz a Dami\u00e3o que Elisa sofreu muito desde que sua m\u00e3e faleceu, pois ela tem que enfrentar a indiferen\u00e7a de seu pai e o \u00f3dio de Carmen, que a acusa injustamente de ter causado a morte de seu filho. Edmundo visita Carmen e ela tenta seduzi-lo. Por sugest\u00e3o de Paulo, Flor\u00eancia procura Elisa para desculpar-se por haver sido t\u00e3o grosseira e para convid\u00e1-la para sua festa de compromisso. Elisa a perdoa, mas n\u00e3o acredita que Almerinda aprecie sua presen\u00e7a na festa. Flor\u00eancia diz a Elisa que ela agora \u00e9 sua amiga e que Almerinda n\u00e3o dir\u00e1 nada. Edmundo pergunta a Carmen o que vai acontecer com a \u201crela\u00e7\u00e3o\u201d deles. Ela responde que nada, porque ambos s\u00e3o casados e precisam ser muito discretos. <\/p>\n<p>Augusto exige a Edmundo que lhe diga o que faz no quarto de Carmen. Ambos se surpreendem ao v\u00ea-lo. Augusto encontra Edmundo saindo do quarto de Carmen e pergunta o que ele faz ali. Carmen se finge de ofendida e o questiona se ele realmente acredita que eles estavam fazendo algo de mal. Flor\u00eancia diz a Dami\u00e3o que est\u00e1 arrependida pelo ocorrido na noite anterior, por isso pediu perd\u00e3o a Elisa e a convidou para a festa. Paulo procura Elisa na casa de Branca. Como ela n\u00e3o est\u00e1, pede a Branca o endere\u00e7o da casa de Elisa. Branca responde que a afilhada nunca falou sobre ele e, como n\u00e3o o conhece n\u00e3o se sente confort\u00e1vel em fornecer essa informa\u00e7\u00e3o. Augusto diz a Carmen que ela deve lhe dizer tudo o que ocorre com sua sa\u00fade, pois daquele momento em diante vai acompanh\u00e1-la sempre em suas visitas ao doutor. <\/p>\n<p>Carmen responde que n\u00e3o \u00e9 necess\u00e1rio, mas o manter\u00e1 sempre informado sobre tudo. Elisa pergunta ao Doutor o que sua tia Carmen tem. Ele a responde que n\u00e3o pode dar nenhum prognostico at\u00e9 obter os resultados dos exames. Lucio diz a Augusto que Elisa est\u00e1 morando com ele, e que parece terr\u00edvel que ele tenha expulsado a pr\u00f3pria filha de casa, e tamb\u00e9m que desde a morte de Estef\u00e2nia ele apenas tratou a filha como uma carga. <\/p>\n<p>Augusto, zangado, responde que nem tem certeza se Elisa \u00e9 sua filha, j\u00e1 que Estef\u00e2nia e Rog\u00e9rio foram amantes por muitos anos. Lucio ent\u00e3o sugere que Augusto fa\u00e7a um exame de DNA. Gael confessa a Elisa seu amor. Ela o diz que tamb\u00e9m gosta muito dele, mas como um irm\u00e3o. Augusto pede perd\u00e3o a Elisa e pede que ela volte a sua casa. Elisa confessa a Paloma que est\u00e1 apaixonada por Dami\u00e3o e morre de ci\u00fames por saber que ele se casar\u00e1 com outra mulher.<\/p>\n<p>(*) edi\u00e7\u00e3o das novelas do SBT, \u201cAbismo de Paix\u00e3o\u201d, sujeito a altera\u00e7\u00e3o de data e conte\u00fado.<\/p>\n<p>Sinopse \u201cAbismo de Paix\u00e3o\u201d: Almerinda, temendo a reaproxima\u00e7\u00e3o de Dami\u00e3o e Elisa, come\u00e7a a pressionar seu filho pra que ele se case o mais r\u00e1pido poss\u00edvel e retorne \u00e0 It\u00e1lia. Dami\u00e3o termina seu noivado com Flor\u00eancia assim que percebe que est\u00e1 apaixonado por Elisa e os dois planejam se casar escondido de suas fam\u00edlias. Augusto descobre o romance clandestino dos dois e n\u00e3o est\u00e1 disposto a aceitar o filho do amante de sua esposa como seu genro. <\/p>\n<p>Ele amea\u00e7a Elisa de matar Dami\u00e3o caso eles continuem juntos e Elisa decide se sacrificar pela vida de seu amado e termina sua rela\u00e7\u00e3o; e para que Dami\u00e3o pare de insistir, se d\u00e1 uma oportunidade com Gael, que confessou que sempre esteve apaixonado por ela. Essa decis\u00e3o al\u00e9m de abalar a amizade entre Dami\u00e3o e Gael, tamb\u00e9m abala a amizade entre Paloma e Elisa, j\u00e1 que Paloma sempre esteve apaixonada por Gael.<\/p>\n","protected":false},"excerpt":{"rendered":"<p>Resumo da novela \u201cAbismo de Paix\u00e3o\u201d em 05\/12: no cap\u00edtulo 020(*) da novela, Dami\u00e3o convida Gael a sua festa de compromisso com Flor\u00eancia e diz que n\u00e3o entende porque ele o trata t\u00e3o mal, j\u00e1 que cresceram juntos e eram os melhores amigos. Gael agradece o convite, mas diz a Dami\u00e3o que a Almerinda n\u00e3o [&hellip;]<\/p>\n","protected":false},"author":4,"featured_media":240070,"comment_status":"closed","ping_status":"closed","sticky":false,"template":"","format":"standard","meta":{"tdm_status":"","tdm_grid_status":"","footnotes":""},"categories":[2321,379,2025,372,343],"tags":[441],"class_list":{"0":"post-240104","1":"post","2":"type-post","3":"status-publish","4":"format-standard","5":"has-post-thumbnail","7":"category-abismo-de-paixao","8":"category-novelas","9":"category-resumo","10":"category-sbt","11":"category-televisao","12":"tag-resumo-do-dia"},"_links":{"self":[{"href":"https:\/\/migracao.redenoticia.com.br\/noticia\/wp-json\/wp\/v2\/posts\/240104","targetHints":{"allow":["GET"]}}],"collection":[{"href":"https:\/\/migracao.redenoticia.com.br\/noticia\/wp-json\/wp\/v2\/posts"}],"about":[{"href":"https:\/\/migracao.redenoticia.com.br\/noticia\/wp-json\/wp\/v2\/types\/post"}],"author":[{"embeddable":true,"href":"https:\/\/migracao.redenoticia.com.br\/noticia\/wp-json\/wp\/v2\/users\/4"}],"replies":[{"embeddable":true,"href":"https:\/\/migracao.redenoticia.com.br\/noticia\/wp-json\/wp\/v2\/comments?post=240104"}],"version-history":[{"count":0,"href":"https:\/\/migracao.redenoticia.com.br\/noticia\/wp-json\/wp\/v2\/posts\/240104\/revisions"}],"wp:featuredmedia":[{"embeddable":true,"href":"https:\/\/migracao.redenoticia.com.br\/noticia\/wp-json\/wp\/v2\/media\/240070"}],"wp:attachment":[{"href":"https:\/\/migracao.redenoticia.com.br\/noticia\/wp-json\/wp\/v2\/media?parent=240104"}],"wp:term":[{"taxonomy":"category","embeddable":true,"href":"https:\/\/migracao.redenoticia.com.br\/noticia\/wp-json\/wp\/v2\/categories?post=240104"},{"taxonomy":"post_tag","embeddable":true,"href":"https:\/\/migracao.redenoticia.com.br\/noticia\/wp-json\/wp\/v2\/tags?post=240104"}],"curies":[{"name":"wp","href":"https:\/\/api.w.org\/{rel}","templated":true}]}}