{"id":240113,"date":"2023-12-04T12:56:46","date_gmt":"2023-12-04T15:56:46","guid":{"rendered":"https:\/\/www.redenoticia.com.br\/noticia\/?p=240113"},"modified":"2023-12-04T12:56:46","modified_gmt":"2023-12-04T15:56:46","slug":"resumo-sera-isso-amor-05-12-serkan-desmaia-no-aeroporto","status":"publish","type":"post","link":"https:\/\/migracao.redenoticia.com.br\/noticia\/2023\/resumo-sera-isso-amor-05-12-serkan-desmaia-no-aeroporto\/240113","title":{"rendered":"Resumo \u201cSer\u00e1 Isso Amor?\u201d 05\/12: Serkan desmaia no aeroporto"},"content":{"rendered":"<p> <img loading=\"lazy\" decoding=\"async\" class=\"aligncenter size-full wp-image-235988\" src=\"https:\/\/migracao.redenoticia.com.br\/noticia\/imagens\/novela-sera-isso-amor-tnt-resumo-elenco.jpg\" alt=\"\" width=\"1280\" height=\"720\" srcset=\"https:\/\/migracao.redenoticia.com.br\/noticia\/imagens\/novela-sera-isso-amor-tnt-resumo-elenco.jpg 1280w, https:\/\/migracao.redenoticia.com.br\/noticia\/imagens\/novela-sera-isso-amor-tnt-resumo-elenco-250x140.jpg 250w, https:\/\/migracao.redenoticia.com.br\/noticia\/imagens\/novela-sera-isso-amor-tnt-resumo-elenco-400x225.jpg 400w, https:\/\/migracao.redenoticia.com.br\/noticia\/imagens\/novela-sera-isso-amor-tnt-resumo-elenco-768x432.jpg 768w, https:\/\/migracao.redenoticia.com.br\/noticia\/imagens\/novela-sera-isso-amor-tnt-resumo-elenco-150x84.jpg 150w\" sizes=\"auto, (max-width: 1280px) 100vw, 1280px\" \/><\/p>\n<p><strong><em>Resumo da novela \u201cSer\u00e1 Isso Amor?\u201d<\/em><\/strong> em 05\/12: no cap\u00edtulo 117(*) da novela, Eda e Serkan passam uma noite juntos, Eda deixa uma carta de despedida e vai embora. Com medo de que Eda se v\u00e1, Serkan desmaia no aeroporto. Enquanto isso, Eda descobre quem \u00e9 o pai do beb\u00ea de Selin e Ayfer, e Seyfi tentam fazer a cabe\u00e7a de Aydan. .. Serkan vai at\u00e9 a casa de Eda e fica sabendo por Melo que ela foi para o exterior. Ele segura a cabe\u00e7a enquanto corre para o aeroporto. Naquele momento, Eda segurou o cora\u00e7\u00e3o e saiu pelo t\u00fanel de entrada. Serkan v\u00ea Eda e grita. Ao v\u00ea-la, Serkan cai no ch\u00e3o e desmaia. Eda o chama e come\u00e7a a correr em sua dire\u00e7\u00e3o. <\/p>\n<p>Deniz descobre a gravidez de Selin, vai at\u00e9 ela e pergunta: \u201cO beb\u00ea \u00e9 meu?\u201d. Selin n\u00e3o responde \u00e0 pergunta e diz que ele poder\u00e1 se unir a Eda se aproveitar a oportunidade. 37. Serkan diz a Eda que Selin foi embora por causa da gravidez. Eles v\u00e3o para o hospital por precau\u00e7\u00e3o. Os exames s\u00e3o realizados. Tudo parece bem. Por\u00e9m, quando eles v\u00e3o embora, o m\u00e9dico faz mais alguns exames. <\/p>\n<p>Selin tamb\u00e9m est\u00e1 no hospital por acaso e conversa com Deniz. Novamente, por acaso, Eda a ouve dizer: \u201cVoc\u00ea pode ser o pai do beb\u00ea, mas esta \u00e9 nossa \u00faltima chance de separar Eda e Serkan\u201d. Ele confronta Selin primeiro, depois Serkan. A not\u00edcia de que Selin e Deniz est\u00e3o juntos e que ele \u00e9 o pai do beb\u00ea surpreende a todos.<\/p>\n<p>(*) edi\u00e7\u00e3o das novelas da TNT\/HBO, \u201cSer\u00e1 Isso Amor?\u201d, sujeito a altera\u00e7\u00e3o de data e conte\u00fado.<\/p>\n<p>Sinopse &#8220;Ser\u00e1 Isso Amor?&#8221;: (Primeira Temporada) Eda n\u00e3o consegue concluir sua gradua\u00e7\u00e3o na faculdade de arquitetura paisag\u00edstica por causa de Serkan Bolat. Serkan tem uma ex-namorada, Selin, que ficou noiva recentemente ap\u00f3s o rompimento. Para recuper\u00e1-la, Serkan oferece a Eda um contrato segundo o qual ela deve fingir ser sua noiva por dois meses. Ela aceita a oferta e n\u00e3o demora para surgir algo entre eles. <\/p>\n<p>(Segunda Temporada) Serkan e Eda passam por momentos dif\u00edceis durante o tratamento de c\u00e2ncer dele, que fica obcecado com sua doen\u00e7a e que vira um homem completamente diferente ap\u00f3s sobreviver. Serkan volta a se concentrar apenas em seu trabalho, que aos poucos o afasta de Eda. Mais tarde, ela vai para a It\u00e1lia para concluir seus estudos, enquanto Serkan continua com sua vida. Mas quando eles finalmente se reencontram ap\u00f3s 5 longos anos, a vida tem uma surpresa para ambos.<\/p>\n","protected":false},"excerpt":{"rendered":"<p>Resumo da novela \u201cSer\u00e1 Isso Amor?\u201d em 05\/12: no cap\u00edtulo 117(*) da novela, Eda e Serkan passam uma noite juntos, Eda deixa uma carta de despedida e vai embora. Com medo de que Eda se v\u00e1, Serkan desmaia no aeroporto. Enquanto isso, Eda descobre quem \u00e9 o pai do beb\u00ea de Selin e Ayfer, e [&hellip;]<\/p>\n","protected":false},"author":2,"featured_media":235990,"comment_status":"closed","ping_status":"closed","sticky":false,"template":"","format":"standard","meta":{"tdm_status":"","tdm_grid_status":"","footnotes":""},"categories":[379,2025,2316,343,2315],"tags":[441],"class_list":{"0":"post-240113","1":"post","2":"type-post","3":"status-publish","4":"format-standard","5":"has-post-thumbnail","7":"category-novelas","8":"category-resumo","9":"category-sera-isso-amor","10":"category-televisao","11":"category-tnt","12":"tag-resumo-do-dia"},"_links":{"self":[{"href":"https:\/\/migracao.redenoticia.com.br\/noticia\/wp-json\/wp\/v2\/posts\/240113","targetHints":{"allow":["GET"]}}],"collection":[{"href":"https:\/\/migracao.redenoticia.com.br\/noticia\/wp-json\/wp\/v2\/posts"}],"about":[{"href":"https:\/\/migracao.redenoticia.com.br\/noticia\/wp-json\/wp\/v2\/types\/post"}],"author":[{"embeddable":true,"href":"https:\/\/migracao.redenoticia.com.br\/noticia\/wp-json\/wp\/v2\/users\/2"}],"replies":[{"embeddable":true,"href":"https:\/\/migracao.redenoticia.com.br\/noticia\/wp-json\/wp\/v2\/comments?post=240113"}],"version-history":[{"count":0,"href":"https:\/\/migracao.redenoticia.com.br\/noticia\/wp-json\/wp\/v2\/posts\/240113\/revisions"}],"wp:featuredmedia":[{"embeddable":true,"href":"https:\/\/migracao.redenoticia.com.br\/noticia\/wp-json\/wp\/v2\/media\/235990"}],"wp:attachment":[{"href":"https:\/\/migracao.redenoticia.com.br\/noticia\/wp-json\/wp\/v2\/media?parent=240113"}],"wp:term":[{"taxonomy":"category","embeddable":true,"href":"https:\/\/migracao.redenoticia.com.br\/noticia\/wp-json\/wp\/v2\/categories?post=240113"},{"taxonomy":"post_tag","embeddable":true,"href":"https:\/\/migracao.redenoticia.com.br\/noticia\/wp-json\/wp\/v2\/tags?post=240113"}],"curies":[{"name":"wp","href":"https:\/\/api.w.org\/{rel}","templated":true}]}}