{"id":24012,"date":"2010-03-03T16:02:45","date_gmt":"2010-03-03T20:02:45","guid":{"rendered":"http:\/\/www.redenoticia.com.br\/noticia\/?p=24012"},"modified":"2010-03-03T16:02:45","modified_gmt":"2010-03-03T20:02:45","slug":"sejus-ro-coordena-reuniao-interinstitucional-em-ji-parana","status":"publish","type":"post","link":"https:\/\/migracao.redenoticia.com.br\/noticia\/2010\/sejus-ro-coordena-reuniao-interinstitucional-em-ji-parana\/24012","title":{"rendered":"SEJUS (RO) coordena reuni\u00e3o interinstitucional em Ji-Paran\u00e1"},"content":{"rendered":"<p><img loading=\"lazy\" decoding=\"async\" class=\"alignleft size-full wp-image-24013\" title=\"Joao Bosco Costa e Juiza Ana Valeria Ziparro\" src=\"https:\/\/migracao.redenoticia.com.br\/noticia\/imagens\/Joao-Bosco-Costa-e-Juiza-Ana-Valeria-Ziparro.jpg\" alt=\"\" width=\"320\" height=\"226\" srcset=\"https:\/\/migracao.redenoticia.com.br\/noticia\/imagens\/Joao-Bosco-Costa-e-Juiza-Ana-Valeria-Ziparro.jpg 400w, https:\/\/migracao.redenoticia.com.br\/noticia\/imagens\/Joao-Bosco-Costa-e-Juiza-Ana-Valeria-Ziparro-250x177.jpg 250w, https:\/\/migracao.redenoticia.com.br\/noticia\/imagens\/Joao-Bosco-Costa-e-Juiza-Ana-Valeria-Ziparro-100x70.jpg 100w, https:\/\/migracao.redenoticia.com.br\/noticia\/imagens\/Joao-Bosco-Costa-e-Juiza-Ana-Valeria-Ziparro-150x106.jpg 150w\" sizes=\"auto, (max-width: 320px) 100vw, 320px\" \/>A SEJUS \u2013 Secretaria de Estado de Justi\u00e7a de Rond\u00f4nia, atrav\u00e9s de seu Secret\u00e1rio \u2013 Adjunto coordenou na manh\u00e3 de quarta-feira, 3 de mar\u00e7o, uma reuni\u00e3o envolvendo Secretarias de Estado, munic\u00edpios, Judici\u00e1rio e Sociedade Civil, no sentido de promover o alinhamento das pol\u00edticas p\u00fablicas relativas ao Sistema Prisional e a aplica\u00e7\u00e3o de medidas s\u00f3cio-educativas aos adolescentes em conflito com a Lei.<\/p>\n<p>A id\u00e9ia \u00e9 envolver todos os parceiros e otimizar recursos e pessoal para que haja melhorias no atendimento aos adolescentes em conflito com a Lei e aos apenados.<\/p>\n<p>A reuni\u00e3o teve in\u00edcio no territ\u00f3rio central, justamente por haver j\u00e1 a decis\u00e3o de se construir uma unidade modelo de atendimento aos adolescentes em Ji-Paran\u00e1.\u00a0 Assim, a discuss\u00e3o est\u00e1 buscando coordenar as a\u00e7\u00f5es para que al\u00e9m da estrutura f\u00edsica, haja a forma\u00e7\u00e3o de um corpo t\u00e9cnico capacitado e de propostas pedag\u00f3gicas para o atendimento dos adolescentes.<\/p>\n<p>Jo\u00e3o Bosco ressaltou que em breve dever\u00e1 se dar in\u00edcio a capacita\u00e7\u00e3o de s\u00f3cio-educadores pela UNIR conforme foi acertado recentemente entre os parceiros. \u201c \u00e8 preciso que atrav\u00e9s de medidas como estas que estamos tomando aqui em Ji-Paran\u00e1, possamos evitar que mais jovens entrem para o mundo do crime e da viol\u00eancia, nosso interesse \u00e9 poder dar o atendimento adequado para que as fam\u00edlias possam se reestruturar e nossos jovens possam receber a assist\u00eancia necess\u00e1ria a sua forma\u00e7\u00e3o como cidad\u00e3os\u201d sublinhou o secret\u00e1rio.<\/p>\n<p>\u201cEste trabalho vai ter continuidade para que cada vez mais tenhamos a\u00e7\u00f5es coordenadas de sa\u00fade, educa\u00e7\u00e3o, lazer e cidadania para todos\u201d, concluiu Bosco.<\/p>\n<p><em>Alex Sakai<\/em><\/p>\n","protected":false},"excerpt":{"rendered":"<p>A SEJUS \u2013 Secretaria de Estado de Justi\u00e7a de Rond\u00f4nia, atrav\u00e9s de seu Secret\u00e1rio \u2013 Adjunto coordenou na manh\u00e3 de quarta-feira, 3 de mar\u00e7o, uma reuni\u00e3o envolvendo Secretarias de Estado, munic\u00edpios, Judici\u00e1rio e Sociedade Civil, no sentido de promover o alinhamento das pol\u00edticas p\u00fablicas relativas ao Sistema Prisional e a aplica\u00e7\u00e3o de medidas s\u00f3cio-educativas aos [&hellip;]<\/p>\n","protected":false},"author":2,"featured_media":24013,"comment_status":"open","ping_status":"open","sticky":false,"template":"","format":"standard","meta":{"tdm_status":"","tdm_grid_status":"","footnotes":""},"categories":[22],"tags":[],"class_list":{"0":"post-24012","1":"post","2":"type-post","3":"status-publish","4":"format-standard","5":"has-post-thumbnail","7":"category-brasil"},"_links":{"self":[{"href":"https:\/\/migracao.redenoticia.com.br\/noticia\/wp-json\/wp\/v2\/posts\/24012","targetHints":{"allow":["GET"]}}],"collection":[{"href":"https:\/\/migracao.redenoticia.com.br\/noticia\/wp-json\/wp\/v2\/posts"}],"about":[{"href":"https:\/\/migracao.redenoticia.com.br\/noticia\/wp-json\/wp\/v2\/types\/post"}],"author":[{"embeddable":true,"href":"https:\/\/migracao.redenoticia.com.br\/noticia\/wp-json\/wp\/v2\/users\/2"}],"replies":[{"embeddable":true,"href":"https:\/\/migracao.redenoticia.com.br\/noticia\/wp-json\/wp\/v2\/comments?post=24012"}],"version-history":[{"count":0,"href":"https:\/\/migracao.redenoticia.com.br\/noticia\/wp-json\/wp\/v2\/posts\/24012\/revisions"}],"wp:featuredmedia":[{"embeddable":true,"href":"https:\/\/migracao.redenoticia.com.br\/noticia\/wp-json\/wp\/v2\/media\/24013"}],"wp:attachment":[{"href":"https:\/\/migracao.redenoticia.com.br\/noticia\/wp-json\/wp\/v2\/media?parent=24012"}],"wp:term":[{"taxonomy":"category","embeddable":true,"href":"https:\/\/migracao.redenoticia.com.br\/noticia\/wp-json\/wp\/v2\/categories?post=24012"},{"taxonomy":"post_tag","embeddable":true,"href":"https:\/\/migracao.redenoticia.com.br\/noticia\/wp-json\/wp\/v2\/tags?post=24012"}],"curies":[{"name":"wp","href":"https:\/\/api.w.org\/{rel}","templated":true}]}}