{"id":240164,"date":"2023-12-05T13:48:24","date_gmt":"2023-12-05T16:48:24","guid":{"rendered":"https:\/\/www.redenoticia.com.br\/noticia\/?p=240164"},"modified":"2023-12-05T13:48:24","modified_gmt":"2023-12-05T16:48:24","slug":"resumo-sera-isso-amor-06-12-serkan-tem-um-tumor-no-cerebro","status":"publish","type":"post","link":"https:\/\/migracao.redenoticia.com.br\/noticia\/2023\/resumo-sera-isso-amor-06-12-serkan-tem-um-tumor-no-cerebro\/240164","title":{"rendered":"Resumo \u201cSer\u00e1 Isso Amor?\u201d 06\/12: Serkan tem um tumor no c\u00e9rebro"},"content":{"rendered":"<p> <img loading=\"lazy\" decoding=\"async\" class=\"aligncenter size-full wp-image-235988\" src=\"https:\/\/migracao.redenoticia.com.br\/noticia\/imagens\/novela-sera-isso-amor-tnt-resumo-elenco.jpg\" alt=\"\" width=\"1280\" height=\"720\" srcset=\"https:\/\/migracao.redenoticia.com.br\/noticia\/imagens\/novela-sera-isso-amor-tnt-resumo-elenco.jpg 1280w, https:\/\/migracao.redenoticia.com.br\/noticia\/imagens\/novela-sera-isso-amor-tnt-resumo-elenco-250x140.jpg 250w, https:\/\/migracao.redenoticia.com.br\/noticia\/imagens\/novela-sera-isso-amor-tnt-resumo-elenco-400x225.jpg 400w, https:\/\/migracao.redenoticia.com.br\/noticia\/imagens\/novela-sera-isso-amor-tnt-resumo-elenco-768x432.jpg 768w, https:\/\/migracao.redenoticia.com.br\/noticia\/imagens\/novela-sera-isso-amor-tnt-resumo-elenco-150x84.jpg 150w\" sizes=\"auto, (max-width: 1280px) 100vw, 1280px\" \/><\/p>\n<p><strong><em>Resumo da novela \u201cSer\u00e1 Isso Amor?\u201d<\/em><\/strong> em 06\/12: no cap\u00edtulo 118(*) da novela, a not\u00edcia de que Selin e Deniz est\u00e3o juntos e que ele \u00e9 o pai do beb\u00ea surpreende a todos. Leyla tenta evitar que Erdem se comporte como crian\u00e7a. Ser\u00e1 que a reuni\u00e3o da empresa com Kemal vai ir bem enquanto Serkan e Edam brincam de ser policiais? &#8230; Serkan retorna ao hospital ap\u00f3s receber uma liga\u00e7\u00e3o alarmante de seu m\u00e9dico. Na consulta, ele revela que tem um tumor no c\u00e9rebro. Eda se recusa a ouvi-lo. &#8220;N\u00e3o pode ser, ontem ele estava bem&#8221;, ela repete desesperadamente uma e outra vez. Ele n\u00e3o tem escolha a n\u00e3o ser aceitar que est\u00e1 doente e talvez deva iniciar um tratamento ou fazer uma opera\u00e7\u00e3o. \u201cA primeira coisa que faremos s\u00e3o mais exames\u201d, explica o m\u00e9dico. <\/p>\n<p>A dura not\u00edcia faz Bolat mudar completamente de atitude. Seu \u00fanico prop\u00f3sito a partir de agora ser\u00e1 aproveitar a vida junto com Eda, pois n\u00e3o sabe quanto tempo lhe resta. Assim, no dia seguinte compra uma motocicleta e ap\u00f3s aparecer na janela da namorada, leva-a para passar a manh\u00e3 na cidade: &#8220;Hoje a gente faz o que quiser.&#8221; Em seguida, ligue para o escrit\u00f3rio e diga que Erdem ficar\u00e1 encarregado de dirigir o projeto que eles t\u00eam com o Sr. Kemal. A decis\u00e3o n\u00e3o agrada aos colegas do funcion\u00e1rio estridente, que tamb\u00e9m n\u00e3o se sente qualificado para assumir as fun\u00e7\u00f5es de patr\u00e3o. Alheio ao furac\u00e3o de empregos que acaba de ocorrer na empresa, Engin acompanha Piril a um check-up com seu ginecologista. Pela primeira vez, o casal ouve os batimentos card\u00edacos de sua futura prole. \u201cEu prometo a voc\u00ea que estarei com voc\u00ea a qualquer momento. At\u00e9 na hora de matricular o filho na escola\u201d, conta, segurando carinhosamente sua m\u00e3o. <\/p>\n<p>Horas depois, Serkan e Eda continuam a caminhada. Ele se prop\u00f5e a investigar o desaparecimento de um famoso executivo que foi velejar em seu navio e n\u00e3o voltou. \u201cSempre quis ser detetive e este \u00e9 um caso perfeito para n\u00f3s, voc\u00ea sabe que somos uma boa equipe\u201d, diz ele. A garota n\u00e3o sabe o que est\u00e1 acontecendo com seu parceiro e por que ele \u00e9 t\u00e3o estranho, mas decide agrad\u00e1-lo. Ambos se disfar\u00e7am para esconder sua identidade e iniciam suas investiga\u00e7\u00f5es.<\/p>\n<p>(*) edi\u00e7\u00e3o das novelas da TNT\/HBO, \u201cSer\u00e1 Isso Amor?\u201d, sujeito a altera\u00e7\u00e3o de data e conte\u00fado.<\/p>\n<p>Sinopse &#8220;Ser\u00e1 Isso Amor?&#8221;: (Primeira Temporada) Eda n\u00e3o consegue concluir sua gradua\u00e7\u00e3o na faculdade de arquitetura paisag\u00edstica por causa de Serkan Bolat. Serkan tem uma ex-namorada, Selin, que ficou noiva recentemente ap\u00f3s o rompimento. Para recuper\u00e1-la, Serkan oferece a Eda um contrato segundo o qual ela deve fingir ser sua noiva por dois meses. Ela aceita a oferta e n\u00e3o demora para surgir algo entre eles. <\/p>\n<p>(Segunda Temporada) Serkan e Eda passam por momentos dif\u00edceis durante o tratamento de c\u00e2ncer dele, que fica obcecado com sua doen\u00e7a e que vira um homem completamente diferente ap\u00f3s sobreviver. Serkan volta a se concentrar apenas em seu trabalho, que aos poucos o afasta de Eda. Mais tarde, ela vai para a It\u00e1lia para concluir seus estudos, enquanto Serkan continua com sua vida. Mas quando eles finalmente se reencontram ap\u00f3s 5 longos anos, a vida tem uma surpresa para ambos.<\/p>\n","protected":false},"excerpt":{"rendered":"<p>Resumo da novela \u201cSer\u00e1 Isso Amor?\u201d em 06\/12: no cap\u00edtulo 118(*) da novela, a not\u00edcia de que Selin e Deniz est\u00e3o juntos e que ele \u00e9 o pai do beb\u00ea surpreende a todos. Leyla tenta evitar que Erdem se comporte como crian\u00e7a. Ser\u00e1 que a reuni\u00e3o da empresa com Kemal vai ir bem enquanto Serkan [&hellip;]<\/p>\n","protected":false},"author":3,"featured_media":235990,"comment_status":"closed","ping_status":"closed","sticky":false,"template":"","format":"standard","meta":{"tdm_status":"","tdm_grid_status":"","footnotes":""},"categories":[379,2025,2316,343,2315],"tags":[441],"class_list":{"0":"post-240164","1":"post","2":"type-post","3":"status-publish","4":"format-standard","5":"has-post-thumbnail","7":"category-novelas","8":"category-resumo","9":"category-sera-isso-amor","10":"category-televisao","11":"category-tnt","12":"tag-resumo-do-dia"},"_links":{"self":[{"href":"https:\/\/migracao.redenoticia.com.br\/noticia\/wp-json\/wp\/v2\/posts\/240164","targetHints":{"allow":["GET"]}}],"collection":[{"href":"https:\/\/migracao.redenoticia.com.br\/noticia\/wp-json\/wp\/v2\/posts"}],"about":[{"href":"https:\/\/migracao.redenoticia.com.br\/noticia\/wp-json\/wp\/v2\/types\/post"}],"author":[{"embeddable":true,"href":"https:\/\/migracao.redenoticia.com.br\/noticia\/wp-json\/wp\/v2\/users\/3"}],"replies":[{"embeddable":true,"href":"https:\/\/migracao.redenoticia.com.br\/noticia\/wp-json\/wp\/v2\/comments?post=240164"}],"version-history":[{"count":0,"href":"https:\/\/migracao.redenoticia.com.br\/noticia\/wp-json\/wp\/v2\/posts\/240164\/revisions"}],"wp:featuredmedia":[{"embeddable":true,"href":"https:\/\/migracao.redenoticia.com.br\/noticia\/wp-json\/wp\/v2\/media\/235990"}],"wp:attachment":[{"href":"https:\/\/migracao.redenoticia.com.br\/noticia\/wp-json\/wp\/v2\/media?parent=240164"}],"wp:term":[{"taxonomy":"category","embeddable":true,"href":"https:\/\/migracao.redenoticia.com.br\/noticia\/wp-json\/wp\/v2\/categories?post=240164"},{"taxonomy":"post_tag","embeddable":true,"href":"https:\/\/migracao.redenoticia.com.br\/noticia\/wp-json\/wp\/v2\/tags?post=240164"}],"curies":[{"name":"wp","href":"https:\/\/api.w.org\/{rel}","templated":true}]}}