{"id":240166,"date":"2023-12-05T13:49:44","date_gmt":"2023-12-05T16:49:44","guid":{"rendered":"https:\/\/www.redenoticia.com.br\/noticia\/?p=240166"},"modified":"2023-12-05T20:05:29","modified_gmt":"2023-12-05T23:05:29","slug":"resumo-abismo-de-paixao-06-12-damiao-encontra-elisa-e-eles-se-beijam","status":"publish","type":"post","link":"https:\/\/migracao.redenoticia.com.br\/noticia\/2023\/resumo-abismo-de-paixao-06-12-damiao-encontra-elisa-e-eles-se-beijam\/240166","title":{"rendered":"Resumo \u201cAbismo de Paix\u00e3o\u201d 06\/12: Dami\u00e3o encontra Elisa e eles se beijam"},"content":{"rendered":"<p> <img loading=\"lazy\" decoding=\"async\" src=\"https:\/\/migracao.redenoticia.com.br\/noticia\/imagens\/abismo-de-paixao-novela-resumo.jpg\" alt=\"\" width=\"1280\" height=\"720\" class=\"aligncenter size-full wp-image-240071\" srcset=\"https:\/\/migracao.redenoticia.com.br\/noticia\/imagens\/abismo-de-paixao-novela-resumo.jpg 1280w, https:\/\/migracao.redenoticia.com.br\/noticia\/imagens\/abismo-de-paixao-novela-resumo-250x140.jpg 250w, https:\/\/migracao.redenoticia.com.br\/noticia\/imagens\/abismo-de-paixao-novela-resumo-400x225.jpg 400w, https:\/\/migracao.redenoticia.com.br\/noticia\/imagens\/abismo-de-paixao-novela-resumo-768x432.jpg 768w, https:\/\/migracao.redenoticia.com.br\/noticia\/imagens\/abismo-de-paixao-novela-resumo-150x85.jpg 150w\" sizes=\"auto, (max-width: 1280px) 100vw, 1280px\" \/> <\/p>\n<p><strong><em>Resumo da novela \u201cAbismo de Paix\u00e3o\u201d<\/em><\/strong> em 06\/12: no cap\u00edtulo 021(*) da novela, Carmen se finge de ofendida e o questiona se ele realmente acredita que eles estavam fazendo algo de mal. Flor\u00eancia diz a Dami\u00e3o que est\u00e1 arrependida pelo ocorrido na noite anterior, por isso pediu perd\u00e3o a Elisa e a convidou para a festa. Paulo procura Elisa na casa de Branca. Como ela n\u00e3o est\u00e1, pede a Branca o endere\u00e7o da casa de Elisa. <\/p>\n<p>Branca responde que a afilhada nunca falou sobre ele e, como n\u00e3o o conhece n\u00e3o se sente confort\u00e1vel em fornecer essa informa\u00e7\u00e3o. Augusto diz a Carmen que ela deve lhe dizer tudo o que ocorre com sua sa\u00fade, pois daquele momento em diante vai acompanh\u00e1-la sempre em suas visitas ao doutor. Carmen responde que n\u00e3o \u00e9 necess\u00e1rio, mas o manter\u00e1 sempre informado sobre tudo. Elisa pergunta ao Doutor o que sua tia Carmen tem. Ele a responde que n\u00e3o pode dar nenhum prognostico at\u00e9 obter os resultados dos exames.<\/p>\n<p>Lucio diz a Augusto que Elisa est\u00e1 morando com ele, e que parece terr\u00edvel que ele tenha expulsado a pr\u00f3pria filha de casa, e tamb\u00e9m que desde a morte de Estef\u00e2nia ele apenas tratou a filha como uma carga. Augusto, zangado, responde que nem tem certeza se Elisa \u00e9 sua filha, j\u00e1 que Estef\u00e2nia e Rog\u00e9rio foram amantes por muitos anos. Lucio ent\u00e3o sugere que Augusto fa\u00e7a um exame de DNA. Gael confessa a Elisa seu amor. Ela o diz que tamb\u00e9m gosta muito dele, mas como um irm\u00e3o. Augusto pede perd\u00e3o a Elisa e pede que ela volte a sua casa. Elisa confessa a Paloma que est\u00e1 apaixonada por Dami\u00e3o e morre de ci\u00fames por saber que ele se casar\u00e1 com outra mulher.<\/p>\n<p>Elisa confessa a Paloma que est\u00e1 apaixonada por Dami\u00e3o. Paloma diz que lute por ele e se esque\u00e7a das intrigas de Carmen e de Flor\u00eancia. Carmen responde que essa luta ela j\u00e1 perdeu, pois Dami\u00e3o ir\u00e1 se casar com outra mulher. Paloma aconselha Elisa a n\u00e3o se dar por vencida antes de lutar. Carmen diz a Edmundo que est\u00e1 muito pesarosa pelo que ocorreu entre eles, pois ambos s\u00e3o casados. Ela ainda o diz que n\u00e3o pode repetir a mesma hist\u00f3ria de sua irm\u00e3, pois Augusto n\u00e3o resistiria. Augusto diz a Edmundo que quer saber se pode confiar nele, pois est\u00e1 pensando seriamente em fazer uma prova de DNA para saber se Elisa realmente \u00e9 sua filha. Paulo comenta com Flor\u00eancia que Elisa n\u00e3o quer ir a festa. <\/p>\n<p>Flor\u00eancia responde que pelo que ela sabe Elisa n\u00e3o quer ir com ele, mas ir\u00e1 a festa. Paulo, soberbo, diz que \u00e9 obvio que Elisa quer ir com ele. Dami\u00e3o furioso o adverte que se o ver pr\u00f3ximo a Elisa, o mandar\u00e1 embora na mesma hora de sua fazenda. Flor\u00eancia diz a Dami\u00e3o que se Paulo for, ela ir\u00e1 com ele. Almerinda ouve toda a discuss\u00e3o e pede a Dami\u00e3o que reconsidere sua posi\u00e7\u00e3o, pois a festa de compromisso precisa ser perfeita. Flor\u00eancia adverte Paulo que n\u00e3o quer Elisa em sua festa de compromisso. Chorando, ela diz a Almerinda que Dami\u00e3o defendeu Elisa e saiu sem se importar se ela ficava ou n\u00e3o na fazenda. <\/p>\n<p>Almerinda diz a Flor\u00eancia que sabe que Dami\u00e3o a ama, e que Elisa \u00e9 apenas uma pessoa por quem Dami\u00e3o tem um carinho especial pela conviv\u00eancia na inf\u00e2ncia, mas n\u00e3o algu\u00e9m para Flor\u00eancia levar em conta. Almerinda vai \u00e0 casa de Elisa para dizer que sabe que Flor\u00eancia a convidou para a sua festa de compromisso com Dami\u00e3o. Como soube que ela n\u00e3o desejava ir, foi pessoalmente convid\u00e1-la. Elisa responde que n\u00e3o acredita em nada do que ela diz, pois os muitos anos em que a maltratou dep\u00f5em contra ela. Almerinda diz que foi trabalhoso vencer seu orgulho, e esperava outra atitude da parte de Elisa. Ela ainda diz que elas poderiam melhorar as rela\u00e7\u00f5es entre as fam\u00edlias. Com isso, a processadora Arango poderia voltar a comprar a produ\u00e7\u00e3o de Augusto. Augusto diz a Carmen que vai fazer um exame de DNA para comprovar sua paternidade quanto a Elisa, mas n\u00e3o dir\u00e1 nada a garota at\u00e9 que o resultado saia. <\/p>\n<p>Augusto diz a Carmen que est\u00e1 com s\u00e9rios problemas econ\u00f4micos, e n\u00e3o sabe se conseguir\u00e1 sair adiante. Carmen sugere que vendam tudo e partam para outro lugar para come\u00e7ar uma nova vida. Augusto diz que isso n\u00e3o \u00e9 poss\u00edvel, porque sempre foi agricultor e s\u00f3 sabe e deseja fazer isso, ent\u00e3o se vendesse suas terras ai sim seria sua ru\u00edna total. Elisa chega a fazenda Arango e Dami\u00e3o a olha, com sentimento. Ramiro diz a Almerinda que com sua ordem ele mesmo tira Elisa da fazenda. Almerinda responde que Elisa \u00e9 sua convidada. Padre Lupe pergunta a Almerinda qual foi sua inten\u00e7\u00e3o ao convidar Elisa. Almerinda responde que deseja ter melhores rela\u00e7\u00f5es. Almerinda diz a Flor\u00eancia que convidou Elisa para que Dami\u00e3o se d\u00ea conta que ela n\u00e3o vale nada. Para isso, precisa que Paulo n\u00e3o desgrude dela para nada. Paulo tira Elisa para dan\u00e7ar. Ela resiste, mas aceita. Paloma pede a Gael que dance com ela. Gael se zanga ao ver Elisa dan\u00e7ando com Paulo e deixa Paloma s\u00f3. Paloma reclama com Gael por sempre deix\u00e1-la em segundo plano e estar sempre se ocupando de Elisa, que j\u00e1 disse n\u00e3o querer nada com ele. Paloma se zanga e vai embora. Guido anuncia o compromisso entre Dami\u00e3o e Flor\u00eancia. <\/p>\n<p>Elisa, ao ver que Dami\u00e3o entrega um anel a Flor\u00eancia, sai da festa. Um tempo depois Dami\u00e3o a encontra e eles se beijam. Chorando, Elisa diz que ele um homem comprometido, portanto n\u00e3o deveria beij\u00e1-la. Augusto chega a fazenda Arango e esbofeteia Elisa em frente a todos. Elisa diz a seu pai que est\u00e1 na festa, pois a pr\u00f3pria Almerinda a convidou e disse que assim elas melhorariam as rela\u00e7\u00f5es entre as fam\u00edlias e abririam a porta para uma poss\u00edvel negocia\u00e7\u00e3o entre as fam\u00edlias. Augusto responde que n\u00e3o precisa da ajuda de nenhum Arango. Dolores diz a Elisa que ela foi a sensa\u00e7\u00e3o da festa, pois nunca haveria outra mulher t\u00e3o bonita como ela no recinto. Dolores questiona Elisa se Dami\u00e3o a disse algo. Elisa responde que n\u00e3o falar dele.<\/p>\n<p>(*) edi\u00e7\u00e3o das novelas do SBT, \u201cAbismo de Paix\u00e3o\u201d, sujeito a altera\u00e7\u00e3o de data e conte\u00fado.<\/p>\n<p>Sinopse \u201cAbismo de Paix\u00e3o\u201d: Almerinda, temendo a reaproxima\u00e7\u00e3o de Dami\u00e3o e Elisa, come\u00e7a a pressionar seu filho pra que ele se case o mais r\u00e1pido poss\u00edvel e retorne \u00e0 It\u00e1lia. Dami\u00e3o termina seu noivado com Flor\u00eancia assim que percebe que est\u00e1 apaixonado por Elisa e os dois planejam se casar escondido de suas fam\u00edlias. Augusto descobre o romance clandestino dos dois e n\u00e3o est\u00e1 disposto a aceitar o filho do amante de sua esposa como seu genro. <\/p>\n<p>Ele amea\u00e7a Elisa de matar Dami\u00e3o caso eles continuem juntos e Elisa decide se sacrificar pela vida de seu amado e termina sua rela\u00e7\u00e3o; e para que Dami\u00e3o pare de insistir, se d\u00e1 uma oportunidade com Gael, que confessou que sempre esteve apaixonado por ela. Essa decis\u00e3o al\u00e9m de abalar a amizade entre Dami\u00e3o e Gael, tamb\u00e9m abala a amizade entre Paloma e Elisa, j\u00e1 que Paloma sempre esteve apaixonada por Gael.<\/p>\n","protected":false},"excerpt":{"rendered":"<p>Resumo da novela \u201cAbismo de Paix\u00e3o\u201d em 06\/12: no cap\u00edtulo 021(*) da novela, Carmen se finge de ofendida e o questiona se ele realmente acredita que eles estavam fazendo algo de mal. Flor\u00eancia diz a Dami\u00e3o que est\u00e1 arrependida pelo ocorrido na noite anterior, por isso pediu perd\u00e3o a Elisa e a convidou para a [&hellip;]<\/p>\n","protected":false},"author":5,"featured_media":240070,"comment_status":"closed","ping_status":"closed","sticky":false,"template":"","format":"standard","meta":{"tdm_status":"","tdm_grid_status":"","footnotes":""},"categories":[2321,379,2025,372,343],"tags":[441],"class_list":{"0":"post-240166","1":"post","2":"type-post","3":"status-publish","4":"format-standard","5":"has-post-thumbnail","7":"category-abismo-de-paixao","8":"category-novelas","9":"category-resumo","10":"category-sbt","11":"category-televisao","12":"tag-resumo-do-dia"},"_links":{"self":[{"href":"https:\/\/migracao.redenoticia.com.br\/noticia\/wp-json\/wp\/v2\/posts\/240166","targetHints":{"allow":["GET"]}}],"collection":[{"href":"https:\/\/migracao.redenoticia.com.br\/noticia\/wp-json\/wp\/v2\/posts"}],"about":[{"href":"https:\/\/migracao.redenoticia.com.br\/noticia\/wp-json\/wp\/v2\/types\/post"}],"author":[{"embeddable":true,"href":"https:\/\/migracao.redenoticia.com.br\/noticia\/wp-json\/wp\/v2\/users\/5"}],"replies":[{"embeddable":true,"href":"https:\/\/migracao.redenoticia.com.br\/noticia\/wp-json\/wp\/v2\/comments?post=240166"}],"version-history":[{"count":0,"href":"https:\/\/migracao.redenoticia.com.br\/noticia\/wp-json\/wp\/v2\/posts\/240166\/revisions"}],"wp:featuredmedia":[{"embeddable":true,"href":"https:\/\/migracao.redenoticia.com.br\/noticia\/wp-json\/wp\/v2\/media\/240070"}],"wp:attachment":[{"href":"https:\/\/migracao.redenoticia.com.br\/noticia\/wp-json\/wp\/v2\/media?parent=240166"}],"wp:term":[{"taxonomy":"category","embeddable":true,"href":"https:\/\/migracao.redenoticia.com.br\/noticia\/wp-json\/wp\/v2\/categories?post=240166"},{"taxonomy":"post_tag","embeddable":true,"href":"https:\/\/migracao.redenoticia.com.br\/noticia\/wp-json\/wp\/v2\/tags?post=240166"}],"curies":[{"name":"wp","href":"https:\/\/api.w.org\/{rel}","templated":true}]}}