{"id":240172,"date":"2023-12-05T13:53:52","date_gmt":"2023-12-05T16:53:52","guid":{"rendered":"https:\/\/www.redenoticia.com.br\/noticia\/?p=240172"},"modified":"2023-12-05T13:53:52","modified_gmt":"2023-12-05T16:53:52","slug":"resumo-a-infancia-de-romeu-e-julieta-06-12-glaucia-pede-demissao","status":"publish","type":"post","link":"https:\/\/migracao.redenoticia.com.br\/noticia\/2023\/resumo-a-infancia-de-romeu-e-julieta-06-12-glaucia-pede-demissao\/240172","title":{"rendered":"Resumo \u201cA Inf\u00e2ncia de Romeu e Julieta\u201d 06\/12: Gl\u00e1ucia pede demiss\u00e3o"},"content":{"rendered":"<p> <img loading=\"lazy\" decoding=\"async\" src=\"https:\/\/migracao.redenoticia.com.br\/noticia\/imagens\/novela-romeu-e-julieta-sbt-elenco-resumo.jpg\" alt=\"\" width=\"1280\" height=\"720\" class=\"aligncenter size-full wp-image-232242\" srcset=\"https:\/\/migracao.redenoticia.com.br\/noticia\/imagens\/novela-romeu-e-julieta-sbt-elenco-resumo.jpg 1280w, https:\/\/migracao.redenoticia.com.br\/noticia\/imagens\/novela-romeu-e-julieta-sbt-elenco-resumo-250x140.jpg 250w, https:\/\/migracao.redenoticia.com.br\/noticia\/imagens\/novela-romeu-e-julieta-sbt-elenco-resumo-400x225.jpg 400w, https:\/\/migracao.redenoticia.com.br\/noticia\/imagens\/novela-romeu-e-julieta-sbt-elenco-resumo-768x432.jpg 768w, https:\/\/migracao.redenoticia.com.br\/noticia\/imagens\/novela-romeu-e-julieta-sbt-elenco-resumo-150x84.jpg 150w\" sizes=\"auto, (max-width: 1280px) 100vw, 1280px\" \/><\/p>\n<p><strong><em>Resumo da novela \u201cA Inf\u00e2ncia de Romeu e Julieta\u201d<\/em><\/strong> em 06\/12: no cap\u00edtulo 153(*) da novela, Ian decide encarar Muke em uma luta. Gl\u00e1ucia pede demiss\u00e3o do Monter Mercado para Vera e exp\u00f5e que vai gerenciar o CEC. Na disputa com Muke, Ian acerta o valent\u00e3o com uma bola e um estilingue. Trapa\u00e7a foge com o manual de escoteiro de Ian. Bass\u00e2nio descobre que Fausto s\u00f3 criou a hist\u00f3ria de noivado de P\u00f3rcia para afastar a menina dele. No Monter Mercado, Mauro compra a bala de caramelo, e Vitor fica confuso, podendo Mauro ser o admirador secreto de Clara. <\/p>\n<p>No quarto desafio, as crian\u00e7as das equipes precisam andar juntas na miss\u00e3o, mas Karen manda todo mundo se separar para conseguir os itens mais r\u00e1pido. Leandro fica zangado porque Gl\u00e1ucia se demitiu do Monter Mercado e manda ela voltar para o emprego, j\u00e1 que \u00e9 incerta a nova administra\u00e7\u00e3o dela no CEC.<\/p>\n<p>Romeu se machuca na floresta, e dois homens misteriosos aparecem no local; eles s\u00e3o seguran\u00e7as contratados por Leandro Monteiro para cuidar dos netos. Os seguran\u00e7as querem levar Romeu de volta para casa. Romeu fala com Leandro por telefone e implora para ficar at\u00e9 o final no acampamento. Vitor v\u00ea Bernardo comendo a bala de caramelo. Bass\u00e2nio visita Bas\u00edlio na pris\u00e3o e diz que perdoa o irm\u00e3o, que o ama e que se um dia quiser mudar de vida, ele espera de bra\u00e7os abertos. Leon se revela para Trapa\u00e7a.<\/p>\n<p>(*) edi\u00e7\u00e3o das novelas do SBT, \u201cA Inf\u00e2ncia de Romeu e Julieta\u201d, sujeito a altera\u00e7\u00e3o de data e conte\u00fado.<\/p>\n<p>Sinopse \u201cA Inf\u00e2ncia de Romeu e Julieta\u201d: A Trama se passa no bairro chamado castanheiras, em que duas fam\u00edlias com propostas diferentes para esse bairro vivem em disc\u00f3rdia, sendo divididas entre os lados Torre (Campos) e Vila (Monteiro).[6] Entretanto, Romeu (Miguel \u00c2ngelo) e Julieta (Vitt\u00f3ria Seixas) se conhecem, da\u00ed em diante, as fam\u00edlias rivais t\u00eam uma nova oportunidade de trazer paz e uni\u00e3o entre o conv\u00edvio deles. <\/p>\n<p>Romeu e Julieta n\u00e3o sabem como v\u00e3o fazer para ficarem juntos. A not\u00edcia do romance chega \u00e0s fam\u00edlias, que n\u00e3o gostam nada da hist\u00f3ria e tratam de afasta-los imediatamente, aprontando v\u00e1rias situa\u00e7\u00f5es. Romeu e Julieta querem acabar com essa hostilidade e tentam ir atr\u00e1s de uma solu\u00e7\u00e3o, mas ao descobrirem mais sobre a hist\u00f3ria de seus pais, percebem que pode ser imposs\u00edvel.<\/p>\n","protected":false},"excerpt":{"rendered":"<p>Resumo da novela \u201cA Inf\u00e2ncia de Romeu e Julieta\u201d em 06\/12: no cap\u00edtulo 153(*) da novela, Ian decide encarar Muke em uma luta. Gl\u00e1ucia pede demiss\u00e3o do Monter Mercado para Vera e exp\u00f5e que vai gerenciar o CEC. Na disputa com Muke, Ian acerta o valent\u00e3o com uma bola e um estilingue. Trapa\u00e7a foge com [&hellip;]<\/p>\n","protected":false},"author":3,"featured_media":232241,"comment_status":"closed","ping_status":"closed","sticky":false,"template":"","format":"standard","meta":{"tdm_status":"","tdm_grid_status":"","footnotes":""},"categories":[2306,379,2025,372,343],"tags":[441],"class_list":{"0":"post-240172","1":"post","2":"type-post","3":"status-publish","4":"format-standard","5":"has-post-thumbnail","7":"category-novela-romeu-e-julieta","8":"category-novelas","9":"category-resumo","10":"category-sbt","11":"category-televisao","12":"tag-resumo-do-dia"},"_links":{"self":[{"href":"https:\/\/migracao.redenoticia.com.br\/noticia\/wp-json\/wp\/v2\/posts\/240172","targetHints":{"allow":["GET"]}}],"collection":[{"href":"https:\/\/migracao.redenoticia.com.br\/noticia\/wp-json\/wp\/v2\/posts"}],"about":[{"href":"https:\/\/migracao.redenoticia.com.br\/noticia\/wp-json\/wp\/v2\/types\/post"}],"author":[{"embeddable":true,"href":"https:\/\/migracao.redenoticia.com.br\/noticia\/wp-json\/wp\/v2\/users\/3"}],"replies":[{"embeddable":true,"href":"https:\/\/migracao.redenoticia.com.br\/noticia\/wp-json\/wp\/v2\/comments?post=240172"}],"version-history":[{"count":0,"href":"https:\/\/migracao.redenoticia.com.br\/noticia\/wp-json\/wp\/v2\/posts\/240172\/revisions"}],"wp:featuredmedia":[{"embeddable":true,"href":"https:\/\/migracao.redenoticia.com.br\/noticia\/wp-json\/wp\/v2\/media\/232241"}],"wp:attachment":[{"href":"https:\/\/migracao.redenoticia.com.br\/noticia\/wp-json\/wp\/v2\/media?parent=240172"}],"wp:term":[{"taxonomy":"category","embeddable":true,"href":"https:\/\/migracao.redenoticia.com.br\/noticia\/wp-json\/wp\/v2\/categories?post=240172"},{"taxonomy":"post_tag","embeddable":true,"href":"https:\/\/migracao.redenoticia.com.br\/noticia\/wp-json\/wp\/v2\/tags?post=240172"}],"curies":[{"name":"wp","href":"https:\/\/api.w.org\/{rel}","templated":true}]}}