{"id":240220,"date":"2023-12-06T15:14:37","date_gmt":"2023-12-06T18:14:37","guid":{"rendered":"https:\/\/www.redenoticia.com.br\/noticia\/?p=240220"},"modified":"2023-12-06T15:14:37","modified_gmt":"2023-12-06T18:14:37","slug":"resumo-minha-fortuna-e-te-amar-07-12-benjamin-precisa-de-terapia","status":"publish","type":"post","link":"https:\/\/migracao.redenoticia.com.br\/noticia\/2023\/resumo-minha-fortuna-e-te-amar-07-12-benjamin-precisa-de-terapia\/240220","title":{"rendered":"Resumo \u201cMinha Fortuna \u00e9 Te Amar\u201d 07\/12: Benjam\u00edn precisa de terapia"},"content":{"rendered":"<p> <img loading=\"lazy\" decoding=\"async\" src=\"https:\/\/migracao.redenoticia.com.br\/noticia\/imagens\/minha-fortuna-e-te-amar-sbt-resumo-elenco.jpg\" alt=\"\" width=\"1280\" height=\"720\" class=\"aligncenter size-full wp-image-240072\" srcset=\"https:\/\/migracao.redenoticia.com.br\/noticia\/imagens\/minha-fortuna-e-te-amar-sbt-resumo-elenco.jpg 1280w, https:\/\/migracao.redenoticia.com.br\/noticia\/imagens\/minha-fortuna-e-te-amar-sbt-resumo-elenco-250x140.jpg 250w, https:\/\/migracao.redenoticia.com.br\/noticia\/imagens\/minha-fortuna-e-te-amar-sbt-resumo-elenco-400x225.jpg 400w, https:\/\/migracao.redenoticia.com.br\/noticia\/imagens\/minha-fortuna-e-te-amar-sbt-resumo-elenco-768x432.jpg 768w, https:\/\/migracao.redenoticia.com.br\/noticia\/imagens\/minha-fortuna-e-te-amar-sbt-resumo-elenco-150x85.jpg 150w\" sizes=\"auto, (max-width: 1280px) 100vw, 1280px\" \/> <\/p>\n<p><strong><em>Resumo da novela \u201cMinha Fortuna \u00e9 Te Amar\u201d<\/em><\/strong> em 07\/12: no cap\u00edtulo 004(*) da novela, Vicente leva Benjam\u00edn ao m\u00e9dico para saber por que, desde a morte de Luc\u00eda, ele parou de falar. Nat\u00e1lia consegue proteger seus pertences e Constanza receber\u00e1 a m\u00e3e em sua casa. Omar fica muito irritado com o que o pai fez com a fam\u00edlia de Andrea e decide sair de casa. Vicente descobre que Benjam\u00edn precisa de terapia. Constan\u00e7a sente ci\u00fames de Gustavo. <\/p>\n<p>Natalia perde todo o seu dinheiro ap\u00f3s ser agredida. Benjam\u00edn avisa Chente que n\u00e3o quer que Olga continue ajudando-o nas tarefas de casa. Omar oferece a Andrea para ficar em seu apartamento, ao que ela concorda em ficar e morar com ele e eles fazem amor.<\/p>\n<p>(*) edi\u00e7\u00e3o das novelas do SBT, \u201cMinha Fortuna \u00e9 Te Amar\u201d, sujeito a altera\u00e7\u00e3o de data e conte\u00fado.<\/p>\n<p>Sinopse \u201cMinha Fortuna \u00e9 Te Amar\u201d: Adri\u00e1n e Ver\u00f3nica tra\u00e7aram um plano para fugir depois de terem enganado os clientes da imobili\u00e1ria onde s\u00e3o ambos s\u00f3cios, juntamente com Mario, namorado de Ver\u00f3nica. Adri\u00e1n deixa Natalia, sua esposa, falida. Natalia, em meio a sua situa\u00e7\u00e3o, decide seguir em frente para criar as filhas Andrea e Regina.<\/p>\n<p>Por outro lado, Vicente Ram\u00edrez sofre a perda de sua esposa Luc\u00eda, que \u00e9 morta em um assalto. O filho de Vicente, Benjam\u00edn sofre o trauma que o deixa sem fala. Vicente \u00e9 v\u00edtima de fraude pela imobili\u00e1ria de Adri\u00e1n. A vida de Nat\u00e1lia e Vicente se confunde quando ele chega \u00e0 imobili\u00e1ria para reclamar o dinheiro que lhe foi roubado.<\/p>\n","protected":false},"excerpt":{"rendered":"<p>Resumo da novela \u201cMinha Fortuna \u00e9 Te Amar\u201d em 07\/12: no cap\u00edtulo 004(*) da novela, Vicente leva Benjam\u00edn ao m\u00e9dico para saber por que, desde a morte de Luc\u00eda, ele parou de falar. Nat\u00e1lia consegue proteger seus pertences e Constanza receber\u00e1 a m\u00e3e em sua casa. Omar fica muito irritado com o que o pai [&hellip;]<\/p>\n","protected":false},"author":2,"featured_media":240073,"comment_status":"closed","ping_status":"closed","sticky":false,"template":"","format":"standard","meta":{"tdm_status":"","tdm_grid_status":"","footnotes":""},"categories":[2320,379,2025,372,343],"tags":[441],"class_list":{"0":"post-240220","1":"post","2":"type-post","3":"status-publish","4":"format-standard","5":"has-post-thumbnail","7":"category-minha-fortuna-e-te-amar","8":"category-novelas","9":"category-resumo","10":"category-sbt","11":"category-televisao","12":"tag-resumo-do-dia"},"_links":{"self":[{"href":"https:\/\/migracao.redenoticia.com.br\/noticia\/wp-json\/wp\/v2\/posts\/240220","targetHints":{"allow":["GET"]}}],"collection":[{"href":"https:\/\/migracao.redenoticia.com.br\/noticia\/wp-json\/wp\/v2\/posts"}],"about":[{"href":"https:\/\/migracao.redenoticia.com.br\/noticia\/wp-json\/wp\/v2\/types\/post"}],"author":[{"embeddable":true,"href":"https:\/\/migracao.redenoticia.com.br\/noticia\/wp-json\/wp\/v2\/users\/2"}],"replies":[{"embeddable":true,"href":"https:\/\/migracao.redenoticia.com.br\/noticia\/wp-json\/wp\/v2\/comments?post=240220"}],"version-history":[{"count":0,"href":"https:\/\/migracao.redenoticia.com.br\/noticia\/wp-json\/wp\/v2\/posts\/240220\/revisions"}],"wp:featuredmedia":[{"embeddable":true,"href":"https:\/\/migracao.redenoticia.com.br\/noticia\/wp-json\/wp\/v2\/media\/240073"}],"wp:attachment":[{"href":"https:\/\/migracao.redenoticia.com.br\/noticia\/wp-json\/wp\/v2\/media?parent=240220"}],"wp:term":[{"taxonomy":"category","embeddable":true,"href":"https:\/\/migracao.redenoticia.com.br\/noticia\/wp-json\/wp\/v2\/categories?post=240220"},{"taxonomy":"post_tag","embeddable":true,"href":"https:\/\/migracao.redenoticia.com.br\/noticia\/wp-json\/wp\/v2\/tags?post=240220"}],"curies":[{"name":"wp","href":"https:\/\/api.w.org\/{rel}","templated":true}]}}