{"id":240266,"date":"2023-12-07T11:10:56","date_gmt":"2023-12-07T14:10:56","guid":{"rendered":"https:\/\/www.redenoticia.com.br\/noticia\/?p=240266"},"modified":"2023-12-07T11:10:56","modified_gmt":"2023-12-07T14:10:56","slug":"resumo-paraiso-tropical-08-12-daniel-descobre-que-paula-e-filha-de-amelia","status":"publish","type":"post","link":"https:\/\/migracao.redenoticia.com.br\/noticia\/2023\/resumo-paraiso-tropical-08-12-daniel-descobre-que-paula-e-filha-de-amelia\/240266","title":{"rendered":"Resumo &#8220;Para\u00edso Tropical&#8221; 08\/12: Daniel descobre que Paula \u00e9 filha de Am\u00e9lia"},"content":{"rendered":"<p> <img loading=\"lazy\" decoding=\"async\" src=\"https:\/\/migracao.redenoticia.com.br\/noticia\/imagens\/paraiso-tropical-resumo-elenco.jpg\" alt=\"\" width=\"1280\" height=\"720\" class=\"aligncenter size-full wp-image-240065\" srcset=\"https:\/\/migracao.redenoticia.com.br\/noticia\/imagens\/paraiso-tropical-resumo-elenco.jpg 1280w, https:\/\/migracao.redenoticia.com.br\/noticia\/imagens\/paraiso-tropical-resumo-elenco-250x140.jpg 250w, https:\/\/migracao.redenoticia.com.br\/noticia\/imagens\/paraiso-tropical-resumo-elenco-400x225.jpg 400w, https:\/\/migracao.redenoticia.com.br\/noticia\/imagens\/paraiso-tropical-resumo-elenco-768x432.jpg 768w, https:\/\/migracao.redenoticia.com.br\/noticia\/imagens\/paraiso-tropical-resumo-elenco-150x85.jpg 150w\" sizes=\"auto, (max-width: 1280px) 100vw, 1280px\" \/> <\/p>\n<p><em><strong>Resumo da novela &#8220;Para\u00edso Tropical&#8221;<\/strong><\/em> em 08\/12: no cap\u00edtulo 010(*) da novela, Daniel v\u00ea Silveira conversando com Vitor. Silveira entra com o pedido de pris\u00e3o preventiva de Daniel. Marion leva a fruteira de presente para Ana Lu\u00edsa. Fabiana conta que Daniel foi preso. Xavier acha que ele \u00e9 culpado. Ana Lu\u00edsa o defende. Antenor decide ir \u00e0 Bahia com Fabiana. Daniel se preocupa com o sumi\u00e7o de Paula. Marion \u00e9 convidada por Ana Lu\u00edsa para organizar o coquetel da ONG.<\/p>\n<p>Vidal diz a Neli que Olavo contratou um jovem executivo. Fred se encanta por Camila. Ana Lu\u00edsa n\u00e3o entende nada quando descobre que a fruteira que estava na festa desapareceu. Paula divide quarto com Gilda no hotel no Amazonas. Daniel se surpreende com a chegada de Antenor. Antenor pede que ele conte tudo o que aconteceu. Bebel comemora a nova vida que ter\u00e1 no Rio. Daniel diz que o golpe pode ter sido planejado por Am\u00e9lia. Olavo presta solidariedade a Daniel. Antenor afirma acreditar na inoc\u00eancia de Daniel. Nereu se preocupa com o filho e Ana Lu\u00edsa tenta tranq\u00fciliz\u00e1-lo. Paula n\u00e3o encontra seu celular. <\/p>\n<p>Joana recrimina Neli por ter procurado Vidal. Fred compra uma pulseira e manda entregar na casa de Camila. Daniel \u00e9 liberado. Olavo esconde sua decep\u00e7\u00e3o. Elisa conta a Daniel que Paula \u00e9 filha de Am\u00e9lia. J\u00e1der diz a Olavo que est\u00e1 com o celular de Paula e que Daniel jamais vai descobrir para onde ela foi. Daniel pede a Sandra para dizer a Paula, caso ela entre em contato, que ele n\u00e3o se importa com o fato de Am\u00e9lia ser sua m\u00e3e. Daniel promete a si mesmo que vai encontrar Paula. <\/p>\n<p>(*) edi\u00e7\u00e3o das novelas da Globo, &#8220;Para\u00edso Tropical&#8221;, sujeito a altera\u00e7\u00e3o de data e conte\u00fado.<\/p>\n<p>Sinopse &#8220;Para\u00edso Tropical&#8221;: Olavo manda Bebel se encontrar com Paula no aeroporto, fingindo estar indo para a Amaz\u00f4nia trabalhar como recepcionista em um hotel em Manaus. Paula recebe uma liga\u00e7\u00e3o de Daniel, que a ofende por ser a filha de Am\u00e9lia, mas isso n\u00e3o passa de outra armadilha do plano de Olavo, que grampeou o celular de Daniel e editou trechos para formular a ofensa. Decepcionada, Paula decide embarcar para a Amaz\u00f4nia. <\/p>\n<p>Daniel volta para o Rio de Janeiro sem nunca ter entendido o sumi\u00e7o repentino de Paula, que tamb\u00e9m vai ao Rio em busca do seu passado e do seu av\u00f4 biol\u00f3gico. Nas ruas da cidade, Daniel encontra Paula por acaso e ela o trata de maneira r\u00edspida e grosseira. Entretanto, a mo\u00e7a trata-se de Ta\u00eds, mulher sensual, inteligente e ego\u00edsta, irm\u00e3 g\u00eamea de Paula.<\/p>\n","protected":false},"excerpt":{"rendered":"<p>Resumo da novela &#8220;Para\u00edso Tropical&#8221; em 08\/12: no cap\u00edtulo 010(*) da novela, Daniel v\u00ea Silveira conversando com Vitor. Silveira entra com o pedido de pris\u00e3o preventiva de Daniel. Marion leva a fruteira de presente para Ana Lu\u00edsa. Fabiana conta que Daniel foi preso. Xavier acha que ele \u00e9 culpado. Ana Lu\u00edsa o defende. Antenor decide [&hellip;]<\/p>\n","protected":false},"author":5,"featured_media":240064,"comment_status":"closed","ping_status":"closed","sticky":false,"template":"","format":"standard","meta":{"tdm_status":"","tdm_grid_status":"","footnotes":""},"categories":[379,2322,375,2025,343],"tags":[441],"class_list":{"0":"post-240266","1":"post","2":"type-post","3":"status-publish","4":"format-standard","5":"has-post-thumbnail","7":"category-novelas","8":"category-paraiso-tropical","9":"category-rede-globo","10":"category-resumo","11":"category-televisao","12":"tag-resumo-do-dia"},"_links":{"self":[{"href":"https:\/\/migracao.redenoticia.com.br\/noticia\/wp-json\/wp\/v2\/posts\/240266","targetHints":{"allow":["GET"]}}],"collection":[{"href":"https:\/\/migracao.redenoticia.com.br\/noticia\/wp-json\/wp\/v2\/posts"}],"about":[{"href":"https:\/\/migracao.redenoticia.com.br\/noticia\/wp-json\/wp\/v2\/types\/post"}],"author":[{"embeddable":true,"href":"https:\/\/migracao.redenoticia.com.br\/noticia\/wp-json\/wp\/v2\/users\/5"}],"replies":[{"embeddable":true,"href":"https:\/\/migracao.redenoticia.com.br\/noticia\/wp-json\/wp\/v2\/comments?post=240266"}],"version-history":[{"count":0,"href":"https:\/\/migracao.redenoticia.com.br\/noticia\/wp-json\/wp\/v2\/posts\/240266\/revisions"}],"wp:featuredmedia":[{"embeddable":true,"href":"https:\/\/migracao.redenoticia.com.br\/noticia\/wp-json\/wp\/v2\/media\/240064"}],"wp:attachment":[{"href":"https:\/\/migracao.redenoticia.com.br\/noticia\/wp-json\/wp\/v2\/media?parent=240266"}],"wp:term":[{"taxonomy":"category","embeddable":true,"href":"https:\/\/migracao.redenoticia.com.br\/noticia\/wp-json\/wp\/v2\/categories?post=240266"},{"taxonomy":"post_tag","embeddable":true,"href":"https:\/\/migracao.redenoticia.com.br\/noticia\/wp-json\/wp\/v2\/tags?post=240266"}],"curies":[{"name":"wp","href":"https:\/\/api.w.org\/{rel}","templated":true}]}}