{"id":240274,"date":"2023-12-07T11:17:20","date_gmt":"2023-12-07T14:17:20","guid":{"rendered":"https:\/\/www.redenoticia.com.br\/noticia\/?p=240274"},"modified":"2023-12-07T11:17:20","modified_gmt":"2023-12-07T14:17:20","slug":"resumo-um-refugio-para-o-amor-08-12-clara-da-o-divorcio-a-rodrigo","status":"publish","type":"post","link":"https:\/\/migracao.redenoticia.com.br\/noticia\/2023\/resumo-um-refugio-para-o-amor-08-12-clara-da-o-divorcio-a-rodrigo\/240274","title":{"rendered":"Resumo \u201cUm Ref\u00fagio para o Amor\u201d 08\/12: Clara d\u00e1 o div\u00f3rcio a Rodrigo"},"content":{"rendered":"<p> <img loading=\"lazy\" decoding=\"async\" src=\"https:\/\/migracao.redenoticia.com.br\/noticia\/imagens\/um-refugio-para-o-amor-novela-resumo-sbt.jpg.jpg\" alt=\"\" width=\"1280\" height=\"720\" class=\"aligncenter size-full wp-image-233922\" srcset=\"https:\/\/migracao.redenoticia.com.br\/noticia\/imagens\/um-refugio-para-o-amor-novela-resumo-sbt.jpg.jpg 1280w, https:\/\/migracao.redenoticia.com.br\/noticia\/imagens\/um-refugio-para-o-amor-novela-resumo-sbt.jpg-250x140.jpg 250w, https:\/\/migracao.redenoticia.com.br\/noticia\/imagens\/um-refugio-para-o-amor-novela-resumo-sbt.jpg-400x225.jpg 400w, https:\/\/migracao.redenoticia.com.br\/noticia\/imagens\/um-refugio-para-o-amor-novela-resumo-sbt.jpg-768x432.jpg 768w, https:\/\/migracao.redenoticia.com.br\/noticia\/imagens\/um-refugio-para-o-amor-novela-resumo-sbt.jpg-150x84.jpg 150w\" sizes=\"auto, (max-width: 1280px) 100vw, 1280px\" \/> <\/p>\n<p><strong><em>Resumo da novela \u201cUm Ref\u00fagio para o Amor\u201d<\/em><\/strong> em 08\/12: no cap\u00edtulo 120(*) da novela, Patr\u00edcio confessa ao padre como ama Luciana, mas que quer que ela seja feliz com Rodrigo agora que ele se ir\u00e1 separar de Clara. Luciana convence Violeta a visitar Aquiles para que ele melhore. No apartamento de Luciana, Louren\u00e7o junta-se a Jana e Paz separa-os. Ana diz a Maximino que Roselena terminou o tratamento com ela, mas que acha que ela deveria continuar. Louren\u00e7o pede Jana em casamento. Violeta pergunta a Aquiles se ele \u00e9 realmente seu pai e ele diz que sim.157.<\/p>\n<p>Roselena volta a mentir e diz a Maximino que, apesar de n\u00e3o estar de acordo com a rela\u00e7\u00e3o de Louren\u00e7o e Jana, ir\u00e1 apoiar. Mateo tem alta e Luciana leva-o a passear. Don Chelo n\u00e3o aguenta a press\u00e3o e quer voltar a beber. Clara d\u00e1 o div\u00f3rcio a Rodrigo. \u00d3scar diz a Maximino que encontrou Pedro Campos. <\/p>\n<p>Pedro Campos confessa que aceitou fazer parte da fraude porque Maximino lhe prometeu muito dinheiro. Maximino compra um grande apartamento e coloca-o em nome de Vicky. Cl\u00e1udio e \u00d3scar enfrentam Maximino por tudo o que fez e Rodrigo e Patr\u00edcio ouvem tudo.<\/p>\n<p>Patr\u00edcio e Rodrigo n\u00e3o conseguem esconder a dor que t\u00eam para com o pai. Mirco paga a conta do hotel onde ficaram e convence-a a ficar com o seu assessor financeiro. Paz diz a Luciana que acha que Mateo tem tra\u00e7os dela. Maximino oferece um carro a Patr\u00edcio. Clara encontra Mateo no apartamento de Rodrigo e trata-o mal. Boris arma um plano com Roselena para prender Jana para que ela n\u00e3o case.<\/p>\n<p>(*) edi\u00e7\u00e3o das novelas do SBT, \u201cUm Ref\u00fagio para o Amor\u201d, sujeito a altera\u00e7\u00e3o de data e conte\u00fado.<\/p>\n<p>Sinopse \u201cUm Ref\u00fagio para o Amor\u201d: Uma hist\u00f3ria de amor entre uma jovem linda, humilde, simples e trabalhadora que gera admira\u00e7\u00e3o entre os homens e inveja entre as mulheres, e que \u00e9 obrigada a fugir de sua cidade, para a capital, encontrando o amor em um homem rico, bonito, de classe, arrogante, amante de esportes radicais e com fama de conquistador, mas que \u00e9 generoso e atencioso. Eles ter\u00e3o que passar por muitas dificuldades para ficarem juntos.<\/p>\n<p>Estrelado por Zuria Vega e Gabriel Soto com um elenco de primeira classe, incluindo Jessica Coch, Roberto Bland\u00f3n, Laura Flores, Jos\u00e9 Carlos Ruiz, entre outros. Um ref\u00fagio para o amor \u00e9 uma novela mexicana produzida por Ignacio Sada Madero, originalmente por Delia Fiallo e adaptada por Georgina Tinoco.<\/p>\n","protected":false},"excerpt":{"rendered":"<p>Resumo da novela \u201cUm Ref\u00fagio para o Amor\u201d em 08\/12: no cap\u00edtulo 120(*) da novela, Patr\u00edcio confessa ao padre como ama Luciana, mas que quer que ela seja feliz com Rodrigo agora que ele se ir\u00e1 separar de Clara. Luciana convence Violeta a visitar Aquiles para que ele melhore. No apartamento de Luciana, Louren\u00e7o junta-se [&hellip;]<\/p>\n","protected":false},"author":3,"featured_media":233921,"comment_status":"closed","ping_status":"closed","sticky":false,"template":"","format":"standard","meta":{"tdm_status":"","tdm_grid_status":"","footnotes":""},"categories":[379,2025,372,343,2310],"tags":[441],"class_list":{"0":"post-240274","1":"post","2":"type-post","3":"status-publish","4":"format-standard","5":"has-post-thumbnail","7":"category-novelas","8":"category-resumo","9":"category-sbt","10":"category-televisao","11":"category-um-refugio-para-o-amor","12":"tag-resumo-do-dia"},"_links":{"self":[{"href":"https:\/\/migracao.redenoticia.com.br\/noticia\/wp-json\/wp\/v2\/posts\/240274","targetHints":{"allow":["GET"]}}],"collection":[{"href":"https:\/\/migracao.redenoticia.com.br\/noticia\/wp-json\/wp\/v2\/posts"}],"about":[{"href":"https:\/\/migracao.redenoticia.com.br\/noticia\/wp-json\/wp\/v2\/types\/post"}],"author":[{"embeddable":true,"href":"https:\/\/migracao.redenoticia.com.br\/noticia\/wp-json\/wp\/v2\/users\/3"}],"replies":[{"embeddable":true,"href":"https:\/\/migracao.redenoticia.com.br\/noticia\/wp-json\/wp\/v2\/comments?post=240274"}],"version-history":[{"count":0,"href":"https:\/\/migracao.redenoticia.com.br\/noticia\/wp-json\/wp\/v2\/posts\/240274\/revisions"}],"wp:featuredmedia":[{"embeddable":true,"href":"https:\/\/migracao.redenoticia.com.br\/noticia\/wp-json\/wp\/v2\/media\/233921"}],"wp:attachment":[{"href":"https:\/\/migracao.redenoticia.com.br\/noticia\/wp-json\/wp\/v2\/media?parent=240274"}],"wp:term":[{"taxonomy":"category","embeddable":true,"href":"https:\/\/migracao.redenoticia.com.br\/noticia\/wp-json\/wp\/v2\/categories?post=240274"},{"taxonomy":"post_tag","embeddable":true,"href":"https:\/\/migracao.redenoticia.com.br\/noticia\/wp-json\/wp\/v2\/tags?post=240274"}],"curies":[{"name":"wp","href":"https:\/\/api.w.org\/{rel}","templated":true}]}}