{"id":240316,"date":"2023-12-09T16:57:01","date_gmt":"2023-12-09T19:57:01","guid":{"rendered":"https:\/\/www.redenoticia.com.br\/noticia\/?p=240316"},"modified":"2023-12-09T16:57:01","modified_gmt":"2023-12-09T19:57:01","slug":"resumo-terra-e-paixao-11-12-antonio-se-surpreende-ao-ver-irene-no-seu-jantar","status":"publish","type":"post","link":"https:\/\/migracao.redenoticia.com.br\/noticia\/2023\/resumo-terra-e-paixao-11-12-antonio-se-surpreende-ao-ver-irene-no-seu-jantar\/240316","title":{"rendered":"Resumo &#8220;Terra e Paix\u00e3o&#8221; 11\/12: Ant\u00f4nio se surpreende ao ver Irene no seu jantar"},"content":{"rendered":"<p> <img loading=\"lazy\" decoding=\"async\" src=\"https:\/\/migracao.redenoticia.com.br\/noticia\/imagens\/novela-terra-e-paixao-resumo.jpg\" alt=\"\" width=\"1280\" height=\"720\" class=\"aligncenter size-full wp-image-231930\" srcset=\"https:\/\/migracao.redenoticia.com.br\/noticia\/imagens\/novela-terra-e-paixao-resumo.jpg 1280w, https:\/\/migracao.redenoticia.com.br\/noticia\/imagens\/novela-terra-e-paixao-resumo-250x140.jpg 250w, https:\/\/migracao.redenoticia.com.br\/noticia\/imagens\/novela-terra-e-paixao-resumo-400x225.jpg 400w, https:\/\/migracao.redenoticia.com.br\/noticia\/imagens\/novela-terra-e-paixao-resumo-768x432.jpg 768w, https:\/\/migracao.redenoticia.com.br\/noticia\/imagens\/novela-terra-e-paixao-resumo-150x84.jpg 150w\" sizes=\"auto, (max-width: 1280px) 100vw, 1280px\" \/> <\/p>\n<p><strong><em>Resumo da novela &#8220;Terra e Paix\u00e3o&#8221;<\/em><\/strong> em 11\/12: no cap\u00edtulo 184(*) da novela, Luigi se impressiona com a disposi\u00e7\u00e3o de Ant\u00f4nio. Ramiro reconhece o corpo de Sidney. Menah n\u00e3o gosta de saber que Gentil contou a Gra\u00e7a sobre a dificuldade financeira da fam\u00edlia. Aline pede a Caio que n\u00e3o conte a Ant\u00f4nio sobre sua gravidez. Ant\u00f4nio pede a Silv\u00e9rio que anule seu casamento com Agatha. <\/p>\n<p>H\u00e9lio avisa a Ant\u00f4nio que ficar\u00e1 na cidade para descobrir o assassino de sua m\u00e3e. Ademir convida Lucinda para ser presidente da cooperativa. Kelvin sugere a Ramiro que os dois se casem e deixem Nova Primavera. Gra\u00e7a d\u00e1 a Gentil o dinheiro para o tratamento de Jonatas e pede sigilo. Gra\u00e7a reage quando Jonatas sugere que ela possa estar interessada na suposta heran\u00e7a de Agatha. Ant\u00f4nio se surpreende ao ver Irene chegando ao jantar que oferece para alguns convidados.<\/p>\n<p>(*) edi\u00e7\u00e3o das novelas da Globo, &#8220;Terra e Paix\u00e3o&#8221;, sujeito a altera\u00e7\u00e3o de data e conte\u00fado.<\/p>\n<p>Sinopse &#8220;Terra e Paix\u00e3o&#8221;: Aline vive ao lado do marido Samuel e do filho Jo\u00e3o. Ap\u00f3s um atentado em sua casa, v\u00ea-se sozinha com o menino diante das terras deixadas pelo marido. Aline aprende a plantar com a ajuda de Jonatas, um amigo fiel. Al\u00e9m de contar com ele, tem ao seu lado sua m\u00e3e. Aline se aproxima dos irm\u00e3os Caio e Daniel, filhos do poderoso fazendeiro Ant\u00f4nio, com quem precisa brigar para manter suas terras. Ao lado dos dois rapazes, descobre sentimentos novos. Ant\u00f4nio La Selva \u00e9 casado com Irene com quem tem dois filhos, Daniel e Petra. Ele foi muito apaixonado por Agatha, com quem teve Caio, e culpa o rapaz pela morte da m\u00e3e no pr\u00e9-parto. <\/p>\n","protected":false},"excerpt":{"rendered":"<p>Resumo da novela &#8220;Terra e Paix\u00e3o&#8221; em 11\/12: no cap\u00edtulo 184(*) da novela, Luigi se impressiona com a disposi\u00e7\u00e3o de Ant\u00f4nio. Ramiro reconhece o corpo de Sidney. Menah n\u00e3o gosta de saber que Gentil contou a Gra\u00e7a sobre a dificuldade financeira da fam\u00edlia. Aline pede a Caio que n\u00e3o conte a Ant\u00f4nio sobre sua gravidez. [&hellip;]<\/p>\n","protected":false},"author":2,"featured_media":231928,"comment_status":"closed","ping_status":"closed","sticky":false,"template":"","format":"standard","meta":{"tdm_status":"","tdm_grid_status":"","footnotes":""},"categories":[379,375,2025,343,2305],"tags":[441],"class_list":{"0":"post-240316","1":"post","2":"type-post","3":"status-publish","4":"format-standard","5":"has-post-thumbnail","7":"category-novelas","8":"category-rede-globo","9":"category-resumo","10":"category-televisao","11":"category-terra-e-paixao","12":"tag-resumo-do-dia"},"_links":{"self":[{"href":"https:\/\/migracao.redenoticia.com.br\/noticia\/wp-json\/wp\/v2\/posts\/240316","targetHints":{"allow":["GET"]}}],"collection":[{"href":"https:\/\/migracao.redenoticia.com.br\/noticia\/wp-json\/wp\/v2\/posts"}],"about":[{"href":"https:\/\/migracao.redenoticia.com.br\/noticia\/wp-json\/wp\/v2\/types\/post"}],"author":[{"embeddable":true,"href":"https:\/\/migracao.redenoticia.com.br\/noticia\/wp-json\/wp\/v2\/users\/2"}],"replies":[{"embeddable":true,"href":"https:\/\/migracao.redenoticia.com.br\/noticia\/wp-json\/wp\/v2\/comments?post=240316"}],"version-history":[{"count":0,"href":"https:\/\/migracao.redenoticia.com.br\/noticia\/wp-json\/wp\/v2\/posts\/240316\/revisions"}],"wp:featuredmedia":[{"embeddable":true,"href":"https:\/\/migracao.redenoticia.com.br\/noticia\/wp-json\/wp\/v2\/media\/231928"}],"wp:attachment":[{"href":"https:\/\/migracao.redenoticia.com.br\/noticia\/wp-json\/wp\/v2\/media?parent=240316"}],"wp:term":[{"taxonomy":"category","embeddable":true,"href":"https:\/\/migracao.redenoticia.com.br\/noticia\/wp-json\/wp\/v2\/categories?post=240316"},{"taxonomy":"post_tag","embeddable":true,"href":"https:\/\/migracao.redenoticia.com.br\/noticia\/wp-json\/wp\/v2\/tags?post=240316"}],"curies":[{"name":"wp","href":"https:\/\/api.w.org\/{rel}","templated":true}]}}