{"id":240341,"date":"2023-12-09T14:21:16","date_gmt":"2023-12-09T17:21:16","guid":{"rendered":"https:\/\/www.redenoticia.com.br\/noticia\/?p=240341"},"modified":"2023-12-09T14:21:16","modified_gmt":"2023-12-09T17:21:16","slug":"resumo-iludida-11-12-haluk-morre","status":"publish","type":"post","link":"https:\/\/migracao.redenoticia.com.br\/noticia\/2023\/resumo-iludida-11-12-haluk-morre\/240341","title":{"rendered":"Resumo \u201cIludida\u201d 11\/12: Haluk morre"},"content":{"rendered":"<p> <img loading=\"lazy\" decoding=\"async\" class=\"aligncenter size-full wp-image-235992\" src=\"https:\/\/migracao.redenoticia.com.br\/noticia\/imagens\/novela-iludida-logo-resumo-canal-tnt.jpg\" alt=\"\" width=\"1280\" height=\"720\" srcset=\"https:\/\/migracao.redenoticia.com.br\/noticia\/imagens\/novela-iludida-logo-resumo-canal-tnt.jpg 1280w, https:\/\/migracao.redenoticia.com.br\/noticia\/imagens\/novela-iludida-logo-resumo-canal-tnt-250x140.jpg 250w, https:\/\/migracao.redenoticia.com.br\/noticia\/imagens\/novela-iludida-logo-resumo-canal-tnt-400x225.jpg 400w, https:\/\/migracao.redenoticia.com.br\/noticia\/imagens\/novela-iludida-logo-resumo-canal-tnt-768x432.jpg 768w, https:\/\/migracao.redenoticia.com.br\/noticia\/imagens\/novela-iludida-logo-resumo-canal-tnt-150x84.jpg 150w\" sizes=\"auto, (max-width: 1280px) 100vw, 1280px\" \/><\/p>\n<p><strong><em>Resumo da novela \u201cIludida\u201d<\/em><\/strong> em 11\/12: no cap\u00edtulo 121(*) da novela, Aras descobre o que Haluk fez com sua fam\u00edlia e quer que ele pague por isso. G\u00f6n\u00fcl e Derin culpam Asya e Aras pelo que aconteceu com Haluk. Enquanto isso, Volkan deve decidir entre Derin e Asya quando Derin mais precisa dele. &#8230; Este n\u00e3o \u00e9 o \u00fanico problema que Aras deve enfrentar. Devastado, ele descobre que foi Haluk quem manteve sua m\u00e3e escondida por anos e vai at\u00e9 o escrit\u00f3rio do homem para enfrent\u00e1-lo. Ap\u00f3s uma discuss\u00e3o tensa, o patriarca da fam\u00edlia G\u00fc\u00e7l\u00fc sofre um ataque card\u00edaco. <\/p>\n<p>Sua secret\u00e1ria \u00e9 quem o encontra no ch\u00e3o do banheiro. Haluk \u00e9 levado \u00e0s pressas para o hospital, mas os m\u00e9dicos n\u00e3o conseguem salvar sua vida. No dia seguinte, celebra-se o enterro. Asya comparece para oferecer condol\u00eancias \u00e0 fam\u00edlia e Derin culpa ela e Aras na frente de todos pelo falecimento de seu pai. Por seu lado, G\u00f6nul cede todo o poder da empresa a Volkan para que este se vingue de Aras: \u201cAgora temos um inimigo comum\u201d.<\/p>\n<p>(*) edi\u00e7\u00e3o das novelas da TNT\/HBO, \u201cIludida\u201d, sujeito a altera\u00e7\u00e3o de data e conte\u00fado.<\/p>\n<p>Sinopse &#8220;Iludida&#8221;: Com apenas 37 anos, Asya \u00e9 vice-diretora e m\u00e9dica em um hospital da cidade de Tekirdag. Al\u00e9m de ter uma carreira profissional de sucesso, leva uma vida tranquila com o seu marido Volkan e seu filho Ali. Ela parece ter tudo: um trabalho perfeito, uma casa linda e uma fam\u00edlia feliz. Asya se sente a mulher mais sortuda do mundo, o que mais ela poderia pedir? Tudo na sua vida parecia ser cor-de-rosa, at\u00e9 que ela descobre um cabelo loiro no cachecol do seu marido, o que a transforma em uma pessoa obsessiva e incapaz de confiar nas pessoas ao seu redor. Por\u00e9m, ela n\u00e3o se engana em desconfiar deles: aos poucos, Asya descobre uma rede de mentiras que a leva a perceber que a sua vida n\u00e3o era t\u00e3o perfeita como ela pensava.<\/p>\n","protected":false},"excerpt":{"rendered":"<p>Resumo da novela \u201cIludida\u201d em 11\/12: no cap\u00edtulo 121(*) da novela, Aras descobre o que Haluk fez com sua fam\u00edlia e quer que ele pague por isso. G\u00f6n\u00fcl e Derin culpam Asya e Aras pelo que aconteceu com Haluk. Enquanto isso, Volkan deve decidir entre Derin e Asya quando Derin mais precisa dele. &#8230; Este [&hellip;]<\/p>\n","protected":false},"author":2,"featured_media":235991,"comment_status":"closed","ping_status":"closed","sticky":false,"template":"","format":"standard","meta":{"tdm_status":"","tdm_grid_status":"","footnotes":""},"categories":[2317,379,2025,343,2315],"tags":[441],"class_list":{"0":"post-240341","1":"post","2":"type-post","3":"status-publish","4":"format-standard","5":"has-post-thumbnail","7":"category-iludida","8":"category-novelas","9":"category-resumo","10":"category-televisao","11":"category-tnt","12":"tag-resumo-do-dia"},"_links":{"self":[{"href":"https:\/\/migracao.redenoticia.com.br\/noticia\/wp-json\/wp\/v2\/posts\/240341","targetHints":{"allow":["GET"]}}],"collection":[{"href":"https:\/\/migracao.redenoticia.com.br\/noticia\/wp-json\/wp\/v2\/posts"}],"about":[{"href":"https:\/\/migracao.redenoticia.com.br\/noticia\/wp-json\/wp\/v2\/types\/post"}],"author":[{"embeddable":true,"href":"https:\/\/migracao.redenoticia.com.br\/noticia\/wp-json\/wp\/v2\/users\/2"}],"replies":[{"embeddable":true,"href":"https:\/\/migracao.redenoticia.com.br\/noticia\/wp-json\/wp\/v2\/comments?post=240341"}],"version-history":[{"count":0,"href":"https:\/\/migracao.redenoticia.com.br\/noticia\/wp-json\/wp\/v2\/posts\/240341\/revisions"}],"wp:featuredmedia":[{"embeddable":true,"href":"https:\/\/migracao.redenoticia.com.br\/noticia\/wp-json\/wp\/v2\/media\/235991"}],"wp:attachment":[{"href":"https:\/\/migracao.redenoticia.com.br\/noticia\/wp-json\/wp\/v2\/media?parent=240341"}],"wp:term":[{"taxonomy":"category","embeddable":true,"href":"https:\/\/migracao.redenoticia.com.br\/noticia\/wp-json\/wp\/v2\/categories?post=240341"},{"taxonomy":"post_tag","embeddable":true,"href":"https:\/\/migracao.redenoticia.com.br\/noticia\/wp-json\/wp\/v2\/tags?post=240341"}],"curies":[{"name":"wp","href":"https:\/\/api.w.org\/{rel}","templated":true}]}}