{"id":240343,"date":"2023-12-09T16:33:40","date_gmt":"2023-12-09T19:33:40","guid":{"rendered":"https:\/\/www.redenoticia.com.br\/noticia\/?p=240343"},"modified":"2023-12-09T16:33:40","modified_gmt":"2023-12-09T19:33:40","slug":"resumo-abismo-de-paixao-11-12-elisa-diz-a-paloma-que-damiao-a-beijou","status":"publish","type":"post","link":"https:\/\/migracao.redenoticia.com.br\/noticia\/2023\/resumo-abismo-de-paixao-11-12-elisa-diz-a-paloma-que-damiao-a-beijou\/240343","title":{"rendered":"Resumo \u201cAbismo de Paix\u00e3o\u201d 11\/12: Elisa diz a Paloma que Dami\u00e3o a beijou"},"content":{"rendered":"<p> <img loading=\"lazy\" decoding=\"async\" src=\"https:\/\/migracao.redenoticia.com.br\/noticia\/imagens\/abismo-de-paixao-novela-resumo.jpg\" alt=\"\" width=\"1280\" height=\"720\" class=\"aligncenter size-full wp-image-240071\" srcset=\"https:\/\/migracao.redenoticia.com.br\/noticia\/imagens\/abismo-de-paixao-novela-resumo.jpg 1280w, https:\/\/migracao.redenoticia.com.br\/noticia\/imagens\/abismo-de-paixao-novela-resumo-250x140.jpg 250w, https:\/\/migracao.redenoticia.com.br\/noticia\/imagens\/abismo-de-paixao-novela-resumo-400x225.jpg 400w, https:\/\/migracao.redenoticia.com.br\/noticia\/imagens\/abismo-de-paixao-novela-resumo-768x432.jpg 768w, https:\/\/migracao.redenoticia.com.br\/noticia\/imagens\/abismo-de-paixao-novela-resumo-150x85.jpg 150w\" sizes=\"auto, (max-width: 1280px) 100vw, 1280px\" \/> <\/p>\n<p><strong><em>Resumo da novela \u201cAbismo de Paix\u00e3o\u201d<\/em><\/strong> em 11\/12: no cap\u00edtulo 024(*) da novela, Almerinda diz a Flor\u00eancia que Dami\u00e3o est\u00e1 muito estranho. Flor\u00eancia responde que ele ficou assim justamente quando Elisa desapareceu da festa. Almerinda pensa que foi um erro convidar Elisa. Br\u00e1ulio se zanga ao ver Ramiro na cozinha, atr\u00e1s de Antonia. Br\u00e1ulio diz a Antonia que n\u00e3o gosta da maneira como Ramiro se expressa a ela, e que espera que ela n\u00e3o o tenha dado motivos para tal. Antonia diz a Br\u00e1ulio que a zanga que ele pense tantas bobagens. Elisa diz a Paloma que Dami\u00e3o a beijou e logo em seguida se desculpou, dizendo que era apenas um impulso. Paloma reitera que talvez Dami\u00e3o tenha o feito, pois na verdade Elisa o interessa, e talvez ele nem se case. Elisa diz que isso jamais ocorreria.<\/p>\n<p>Flor\u00eancia diz a Dami\u00e3o que se a ama de verdade, demonstre e se casem no civil imediatamente. Dami\u00e3o responde que eles n\u00e3o podem adiantar o casamento para logo porque poderiam pensar que ela est\u00e1 gr\u00e1vida. Augusto diz a Carmen que o preocupa que Dami\u00e3o esteja pr\u00f3ximo a Elisa. Carmen, querendo causar intriga, responde que Dami\u00e3o vai se casar e Elisa \u00e9 quem n\u00e3o o tem deixado em paz. Br\u00e1ulio diz a Dami\u00e3o que \u00e9 uma pena que ele n\u00e3o tenha interesse em assumir a processadora, pois todos os trabalhadores o esperavam com muito entusiasmo. Dami\u00e3o pergunta a Br\u00e1ulio se ele tem problemas com Ramiro. Ele responde que todos os trabalhadores t\u00eam problemas com Ramiro. Dami\u00e3o pede perd\u00e3o a Elisa por t\u00ea-la beijado e diz que ser\u00e1 a \u00faltima vez em que se veem em muito tempo, pois ele ir\u00e1 novamente para a capital. <\/p>\n<p>Dami\u00e3o confessa ao Padre Lupe que beijou Elisa e se sente culpado, pois isso \u00e9 uma trai\u00e7\u00e3o a Flor\u00eancia. Ele diz que Elisa ficou ofendida, pois pensa que ele o fez com m\u00e1 inten\u00e7\u00e3o. Branca sugere a Elisa que trate de esquecer Dami\u00e3o, e que tente ver Gael com outros olhos. Elisa responde que est\u00e1 apaixonada por Dami\u00e3o e Paloma ama Gael com todas as suas for\u00e7as, e ela jamais trairia a sua melhor amiga. Carmen, astuta, faz Edmundo acreditar que o ama. Ela tenta convenc\u00ea-lo a mudar os resultados dos exames de DNA de Augusto e Elisa. Edmundo se nega e Carmen ent\u00e3o o diz para que ele se esque\u00e7a dela. Edmundo desesperado abra\u00e7a e beija Carmen. Paloma os surpreende.<\/p>\n<p>(*) edi\u00e7\u00e3o das novelas do SBT, \u201cAbismo de Paix\u00e3o\u201d, sujeito a altera\u00e7\u00e3o de data e conte\u00fado.<\/p>\n<p>Sinopse \u201cAbismo de Paix\u00e3o\u201d: Almerinda, temendo a reaproxima\u00e7\u00e3o de Dami\u00e3o e Elisa, come\u00e7a a pressionar seu filho pra que ele se case o mais r\u00e1pido poss\u00edvel e retorne \u00e0 It\u00e1lia. Dami\u00e3o termina seu noivado com Flor\u00eancia assim que percebe que est\u00e1 apaixonado por Elisa e os dois planejam se casar escondido de suas fam\u00edlias. Augusto descobre o romance clandestino dos dois e n\u00e3o est\u00e1 disposto a aceitar o filho do amante de sua esposa como seu genro. <\/p>\n<p>Ele amea\u00e7a Elisa de matar Dami\u00e3o caso eles continuem juntos e Elisa decide se sacrificar pela vida de seu amado e termina sua rela\u00e7\u00e3o; e para que Dami\u00e3o pare de insistir, se d\u00e1 uma oportunidade com Gael, que confessou que sempre esteve apaixonado por ela. Essa decis\u00e3o al\u00e9m de abalar a amizade entre Dami\u00e3o e Gael, tamb\u00e9m abala a amizade entre Paloma e Elisa, j\u00e1 que Paloma sempre esteve apaixonada por Gael.<\/p>\n","protected":false},"excerpt":{"rendered":"<p>Resumo da novela \u201cAbismo de Paix\u00e3o\u201d em 11\/12: no cap\u00edtulo 024(*) da novela, Almerinda diz a Flor\u00eancia que Dami\u00e3o est\u00e1 muito estranho. Flor\u00eancia responde que ele ficou assim justamente quando Elisa desapareceu da festa. Almerinda pensa que foi um erro convidar Elisa. Br\u00e1ulio se zanga ao ver Ramiro na cozinha, atr\u00e1s de Antonia. Br\u00e1ulio diz [&hellip;]<\/p>\n","protected":false},"author":2,"featured_media":240070,"comment_status":"closed","ping_status":"closed","sticky":false,"template":"","format":"standard","meta":{"tdm_status":"","tdm_grid_status":"","footnotes":""},"categories":[2321,379,2025,372,343],"tags":[441],"class_list":{"0":"post-240343","1":"post","2":"type-post","3":"status-publish","4":"format-standard","5":"has-post-thumbnail","7":"category-abismo-de-paixao","8":"category-novelas","9":"category-resumo","10":"category-sbt","11":"category-televisao","12":"tag-resumo-do-dia"},"_links":{"self":[{"href":"https:\/\/migracao.redenoticia.com.br\/noticia\/wp-json\/wp\/v2\/posts\/240343","targetHints":{"allow":["GET"]}}],"collection":[{"href":"https:\/\/migracao.redenoticia.com.br\/noticia\/wp-json\/wp\/v2\/posts"}],"about":[{"href":"https:\/\/migracao.redenoticia.com.br\/noticia\/wp-json\/wp\/v2\/types\/post"}],"author":[{"embeddable":true,"href":"https:\/\/migracao.redenoticia.com.br\/noticia\/wp-json\/wp\/v2\/users\/2"}],"replies":[{"embeddable":true,"href":"https:\/\/migracao.redenoticia.com.br\/noticia\/wp-json\/wp\/v2\/comments?post=240343"}],"version-history":[{"count":0,"href":"https:\/\/migracao.redenoticia.com.br\/noticia\/wp-json\/wp\/v2\/posts\/240343\/revisions"}],"wp:featuredmedia":[{"embeddable":true,"href":"https:\/\/migracao.redenoticia.com.br\/noticia\/wp-json\/wp\/v2\/media\/240070"}],"wp:attachment":[{"href":"https:\/\/migracao.redenoticia.com.br\/noticia\/wp-json\/wp\/v2\/media?parent=240343"}],"wp:term":[{"taxonomy":"category","embeddable":true,"href":"https:\/\/migracao.redenoticia.com.br\/noticia\/wp-json\/wp\/v2\/categories?post=240343"},{"taxonomy":"post_tag","embeddable":true,"href":"https:\/\/migracao.redenoticia.com.br\/noticia\/wp-json\/wp\/v2\/tags?post=240343"}],"curies":[{"name":"wp","href":"https:\/\/api.w.org\/{rel}","templated":true}]}}