{"id":240347,"date":"2023-12-09T16:39:35","date_gmt":"2023-12-09T19:39:35","guid":{"rendered":"https:\/\/www.redenoticia.com.br\/noticia\/?p=240347"},"modified":"2023-12-09T17:10:07","modified_gmt":"2023-12-09T20:10:07","slug":"resumo-a-infancia-de-romeu-e-julieta-11-12-vitor-intimida-glaucia","status":"publish","type":"post","link":"https:\/\/migracao.redenoticia.com.br\/noticia\/2023\/resumo-a-infancia-de-romeu-e-julieta-11-12-vitor-intimida-glaucia\/240347","title":{"rendered":"Resumo \u201cA Inf\u00e2ncia de Romeu e Julieta\u201d 11\/12: Vitor intimida Glaucia"},"content":{"rendered":"<p> <img loading=\"lazy\" decoding=\"async\" src=\"https:\/\/migracao.redenoticia.com.br\/noticia\/imagens\/novela-romeu-e-julieta-sbt-elenco-resumo.jpg\" alt=\"\" width=\"1280\" height=\"720\" class=\"aligncenter size-full wp-image-232242\" srcset=\"https:\/\/migracao.redenoticia.com.br\/noticia\/imagens\/novela-romeu-e-julieta-sbt-elenco-resumo.jpg 1280w, https:\/\/migracao.redenoticia.com.br\/noticia\/imagens\/novela-romeu-e-julieta-sbt-elenco-resumo-250x140.jpg 250w, https:\/\/migracao.redenoticia.com.br\/noticia\/imagens\/novela-romeu-e-julieta-sbt-elenco-resumo-400x225.jpg 400w, https:\/\/migracao.redenoticia.com.br\/noticia\/imagens\/novela-romeu-e-julieta-sbt-elenco-resumo-768x432.jpg 768w, https:\/\/migracao.redenoticia.com.br\/noticia\/imagens\/novela-romeu-e-julieta-sbt-elenco-resumo-150x84.jpg 150w\" sizes=\"auto, (max-width: 1280px) 100vw, 1280px\" \/><\/p>\n<p><strong><em>Resumo da novela \u201cA Inf\u00e2ncia de Romeu e Julieta\u201d<\/em><\/strong> em 11\/12: no cap\u00edtulo 156(*) da novela, em conversa com P\u00f3rcia, Bass\u00e2nio diz que acredita em uma evolu\u00e7\u00e3o de Bas\u00edlio. P\u00f3rcia apoia o amigo e expressa que deseja acompanh\u00e1-lo em uma visita ao pres\u00eddio. Romeu e Nando revelam a Leandro que, no acampamento, eles encontraram o ba\u00fa que o av\u00f4 procurava quando era crian\u00e7a. Leandro repassa a informa\u00e7\u00e3o para Fausto. No Mundo da Imagina\u00e7\u00e3o, Dimitri, Ellen, Ian e Nath enfrentam a segunda miss\u00e3o e navegam em \u00e1guas encantadas e misteriosas. Na pris\u00e3o, Bass\u00e2nio e P\u00f3rcia v\u00e3o ao encontro de Bas\u00edlio. O criminoso fica atra\u00eddo por P\u00f3rcia, que, por sua vez, fica assustada. Vitor comenta com Vera que n\u00e3o foi o culpado por receber as encomendas erradas no Monter Mercado, mas Glaucia diz para Vera que Vitor est\u00e1 mentindo.<\/p>\n<p>Daniel convida Mariana para morar com ela, pois est\u00e1 preocupado com Julieta. Por\u00e9m, Mariana alega que vai encontrar outro lugar para morar. Bas\u00edlio pede para Bass\u00e2nio voltar mais vezes, mas sempre com P\u00f3rcia. Mauro presenteia Telma com um rel\u00f3gio inteligente de \u00faltima gera\u00e7\u00e3o, mas ela n\u00e3o gosta do presente. Em um momento particular, Vitor intimida Glaucia, j\u00e1 que ambos sabem que ela recebeu as encomendas erradas. Vitor diz que ela est\u00e1 com medo da bronca de Leandro e que assume a responsabilidade no lugar dela, mas que isso ter\u00e1 um pre\u00e7o. Vitor ressalta que ele e Glaucia fazem uma bela dupla e que juntos podem conseguir muitas coisas.<\/p>\n<p>(*) edi\u00e7\u00e3o das novelas do SBT, \u201cA Inf\u00e2ncia de Romeu e Julieta\u201d, sujeito a altera\u00e7\u00e3o de data e conte\u00fado.<\/p>\n<p>Sinopse \u201cA Inf\u00e2ncia de Romeu e Julieta\u201d: A Trama se passa no bairro chamado castanheiras, em que duas fam\u00edlias com propostas diferentes para esse bairro vivem em disc\u00f3rdia, sendo divididas entre os lados Torre (Campos) e Vila (Monteiro).[6] Entretanto, Romeu (Miguel \u00c2ngelo) e Julieta (Vitt\u00f3ria Seixas) se conhecem, da\u00ed em diante, as fam\u00edlias rivais t\u00eam uma nova oportunidade de trazer paz e uni\u00e3o entre o conv\u00edvio deles. <\/p>\n<p>Romeu e Julieta n\u00e3o sabem como v\u00e3o fazer para ficarem juntos. A not\u00edcia do romance chega \u00e0s fam\u00edlias, que n\u00e3o gostam nada da hist\u00f3ria e tratam de afasta-los imediatamente, aprontando v\u00e1rias situa\u00e7\u00f5es. Romeu e Julieta querem acabar com essa hostilidade e tentam ir atr\u00e1s de uma solu\u00e7\u00e3o, mas ao descobrirem mais sobre a hist\u00f3ria de seus pais, percebem que pode ser imposs\u00edvel.<\/p>\n","protected":false},"excerpt":{"rendered":"<p>Resumo da novela \u201cA Inf\u00e2ncia de Romeu e Julieta\u201d em 11\/12: no cap\u00edtulo 156(*) da novela, em conversa com P\u00f3rcia, Bass\u00e2nio diz que acredita em uma evolu\u00e7\u00e3o de Bas\u00edlio. P\u00f3rcia apoia o amigo e expressa que deseja acompanh\u00e1-lo em uma visita ao pres\u00eddio. Romeu e Nando revelam a Leandro que, no acampamento, eles encontraram o [&hellip;]<\/p>\n","protected":false},"author":2,"featured_media":232241,"comment_status":"closed","ping_status":"closed","sticky":false,"template":"","format":"standard","meta":{"tdm_status":"","tdm_grid_status":"","footnotes":""},"categories":[2306,379,2025,372,343],"tags":[441],"class_list":{"0":"post-240347","1":"post","2":"type-post","3":"status-publish","4":"format-standard","5":"has-post-thumbnail","7":"category-novela-romeu-e-julieta","8":"category-novelas","9":"category-resumo","10":"category-sbt","11":"category-televisao","12":"tag-resumo-do-dia"},"_links":{"self":[{"href":"https:\/\/migracao.redenoticia.com.br\/noticia\/wp-json\/wp\/v2\/posts\/240347","targetHints":{"allow":["GET"]}}],"collection":[{"href":"https:\/\/migracao.redenoticia.com.br\/noticia\/wp-json\/wp\/v2\/posts"}],"about":[{"href":"https:\/\/migracao.redenoticia.com.br\/noticia\/wp-json\/wp\/v2\/types\/post"}],"author":[{"embeddable":true,"href":"https:\/\/migracao.redenoticia.com.br\/noticia\/wp-json\/wp\/v2\/users\/2"}],"replies":[{"embeddable":true,"href":"https:\/\/migracao.redenoticia.com.br\/noticia\/wp-json\/wp\/v2\/comments?post=240347"}],"version-history":[{"count":0,"href":"https:\/\/migracao.redenoticia.com.br\/noticia\/wp-json\/wp\/v2\/posts\/240347\/revisions"}],"wp:featuredmedia":[{"embeddable":true,"href":"https:\/\/migracao.redenoticia.com.br\/noticia\/wp-json\/wp\/v2\/media\/232241"}],"wp:attachment":[{"href":"https:\/\/migracao.redenoticia.com.br\/noticia\/wp-json\/wp\/v2\/media?parent=240347"}],"wp:term":[{"taxonomy":"category","embeddable":true,"href":"https:\/\/migracao.redenoticia.com.br\/noticia\/wp-json\/wp\/v2\/categories?post=240347"},{"taxonomy":"post_tag","embeddable":true,"href":"https:\/\/migracao.redenoticia.com.br\/noticia\/wp-json\/wp\/v2\/tags?post=240347"}],"curies":[{"name":"wp","href":"https:\/\/api.w.org\/{rel}","templated":true}]}}