{"id":240392,"date":"2023-12-12T13:12:39","date_gmt":"2023-12-12T16:12:39","guid":{"rendered":"https:\/\/www.redenoticia.com.br\/noticia\/?p=240392"},"modified":"2023-12-12T15:27:22","modified_gmt":"2023-12-12T18:27:22","slug":"resumo-abismo-de-paixao-12-12-ingrid-conta-ao-padre-que-e-mae-de-gael","status":"publish","type":"post","link":"https:\/\/migracao.redenoticia.com.br\/noticia\/2023\/resumo-abismo-de-paixao-12-12-ingrid-conta-ao-padre-que-e-mae-de-gael\/240392","title":{"rendered":"Resumo \u201cAbismo de Paix\u00e3o\u201d 13\/12: Ingrid conta ao Padre que \u00e9 m\u00e3e de Gael"},"content":{"rendered":"<p> <img loading=\"lazy\" decoding=\"async\" src=\"https:\/\/migracao.redenoticia.com.br\/noticia\/imagens\/abismo-de-paixao-novela-resumo.jpg\" alt=\"\" width=\"1280\" height=\"720\" class=\"aligncenter size-full wp-image-240071\" srcset=\"https:\/\/migracao.redenoticia.com.br\/noticia\/imagens\/abismo-de-paixao-novela-resumo.jpg 1280w, https:\/\/migracao.redenoticia.com.br\/noticia\/imagens\/abismo-de-paixao-novela-resumo-250x140.jpg 250w, https:\/\/migracao.redenoticia.com.br\/noticia\/imagens\/abismo-de-paixao-novela-resumo-400x225.jpg 400w, https:\/\/migracao.redenoticia.com.br\/noticia\/imagens\/abismo-de-paixao-novela-resumo-768x432.jpg 768w, https:\/\/migracao.redenoticia.com.br\/noticia\/imagens\/abismo-de-paixao-novela-resumo-150x85.jpg 150w\" sizes=\"auto, (max-width: 1280px) 100vw, 1280px\" \/> <\/p>\n<p><strong><em>Resumo da novela \u201cAbismo de Paix\u00e3o\u201d<\/em><\/strong> em 13\/12: no cap\u00edtulo 025(*) da novela, Carmen faz Edmundo acreditar que o ama. Ela tenta convenc\u00ea-lo a mudar os resultados dos exames de DNA de Augusto e Elisa. Edmundo se nega e Carmen ent\u00e3o o diz para que ele se esque\u00e7a dela. Edmundo desesperado abra\u00e7a e beija Carmen. Paloma os surpreende.<\/p>\n<p>Tanto Carmen quanto Edmundo tratam de convencer Paloma que estavam falando de uns exames. Ela responde sabe perfeitamente o que eles estavam fazendo. Furiosa, Carmen diz a Edmundo que se Paloma contar o que viu a Augusto, ele jamais a perdoar\u00e1. Edmundo a diz que est\u00e1 disposto a enfrent\u00e1-lo. Carmen responde que ela n\u00e3o, e se ele n\u00e3o fizer o que ela lhe pediu, que nunca mais volte a busc\u00e1-la. Carmen vai atr\u00e1s de Paloma e a amea\u00e7a, dizendo que ir\u00e1 matar sua av\u00f3 caso conte a Augusto o que viu. Dami\u00e3o leva um ch\u00e1 para sua m\u00e3e e a diz que Ant\u00f4nia lhe disse que ela est\u00e1 doente. <\/p>\n<p>Almerinda responde que foi apenas uma queda de press\u00e3o, que deve ter sido motivada pela tristeza que sente com sua partida, e implora ao filho que permane\u00e7a no povoado por pelo menos mais duas semanas. Dami\u00e3o aceita, e diz que de qualquer forma n\u00e3o partiria a deixando doente. Elisa e Ramiro se encontram na pra\u00e7a. Ramiro a pergunta se ela j\u00e1 superou o papel rid\u00edculo que fez na festa de compromisso de Dami\u00e3o e que aquilo s\u00f3 ocorreu por ela se meter onde n\u00e3o deve. Elisa responde que o problema de Ramiro \u00e9 se sentir um Arango, quando na verdade n\u00e3o passa de um empregado. <\/p>\n<p>Ramiro, furioso, sacode Elisa. Lucio chega e lhe d\u00e1 um soco. Este, furioso, devolve o golpe e Lucio cai no ch\u00e3o, sem sentido. Guido tenta convencer Paulo que volte para a capital com ele. Guido diz a Almerinda que vai embora no dia seguinte. Almerinda responde que ele pode fazer o que achar melhor. Ingrid chega a igreja e diz ao Padre Lupe que \u00e9 a m\u00e3e de Gael, o beb\u00ea que deixou a seus cuidados h\u00e1 muitos anos atr\u00e1s. Padre Lupe se surpreende.<\/p>\n<p>(*) edi\u00e7\u00e3o das novelas do SBT, \u201cAbismo de Paix\u00e3o\u201d, sujeito a altera\u00e7\u00e3o de data e conte\u00fado.<\/p>\n<p>Sinopse \u201cAbismo de Paix\u00e3o\u201d: Almerinda, temendo a reaproxima\u00e7\u00e3o de Dami\u00e3o e Elisa, come\u00e7a a pressionar seu filho pra que ele se case o mais r\u00e1pido poss\u00edvel e retorne \u00e0 It\u00e1lia. Dami\u00e3o termina seu noivado com Flor\u00eancia assim que percebe que est\u00e1 apaixonado por Elisa e os dois planejam se casar escondido de suas fam\u00edlias. Augusto descobre o romance clandestino dos dois e n\u00e3o est\u00e1 disposto a aceitar o filho do amante de sua esposa como seu genro. <\/p>\n<p>Ele amea\u00e7a Elisa de matar Dami\u00e3o caso eles continuem juntos e Elisa decide se sacrificar pela vida de seu amado e termina sua rela\u00e7\u00e3o; e para que Dami\u00e3o pare de insistir, se d\u00e1 uma oportunidade com Gael, que confessou que sempre esteve apaixonado por ela. Essa decis\u00e3o al\u00e9m de abalar a amizade entre Dami\u00e3o e Gael, tamb\u00e9m abala a amizade entre Paloma e Elisa, j\u00e1 que Paloma sempre esteve apaixonada por Gael.<\/p>\n","protected":false},"excerpt":{"rendered":"<p>Resumo da novela \u201cAbismo de Paix\u00e3o\u201d em 13\/12: no cap\u00edtulo 025(*) da novela, Carmen faz Edmundo acreditar que o ama. Ela tenta convenc\u00ea-lo a mudar os resultados dos exames de DNA de Augusto e Elisa. Edmundo se nega e Carmen ent\u00e3o o diz para que ele se esque\u00e7a dela. Edmundo desesperado abra\u00e7a e beija Carmen. [&hellip;]<\/p>\n","protected":false},"author":2,"featured_media":240070,"comment_status":"closed","ping_status":"closed","sticky":false,"template":"","format":"standard","meta":{"tdm_status":"","tdm_grid_status":"","footnotes":""},"categories":[2321,379,2025,372,343],"tags":[441],"class_list":{"0":"post-240392","1":"post","2":"type-post","3":"status-publish","4":"format-standard","5":"has-post-thumbnail","7":"category-abismo-de-paixao","8":"category-novelas","9":"category-resumo","10":"category-sbt","11":"category-televisao","12":"tag-resumo-do-dia"},"_links":{"self":[{"href":"https:\/\/migracao.redenoticia.com.br\/noticia\/wp-json\/wp\/v2\/posts\/240392","targetHints":{"allow":["GET"]}}],"collection":[{"href":"https:\/\/migracao.redenoticia.com.br\/noticia\/wp-json\/wp\/v2\/posts"}],"about":[{"href":"https:\/\/migracao.redenoticia.com.br\/noticia\/wp-json\/wp\/v2\/types\/post"}],"author":[{"embeddable":true,"href":"https:\/\/migracao.redenoticia.com.br\/noticia\/wp-json\/wp\/v2\/users\/2"}],"replies":[{"embeddable":true,"href":"https:\/\/migracao.redenoticia.com.br\/noticia\/wp-json\/wp\/v2\/comments?post=240392"}],"version-history":[{"count":0,"href":"https:\/\/migracao.redenoticia.com.br\/noticia\/wp-json\/wp\/v2\/posts\/240392\/revisions"}],"wp:featuredmedia":[{"embeddable":true,"href":"https:\/\/migracao.redenoticia.com.br\/noticia\/wp-json\/wp\/v2\/media\/240070"}],"wp:attachment":[{"href":"https:\/\/migracao.redenoticia.com.br\/noticia\/wp-json\/wp\/v2\/media?parent=240392"}],"wp:term":[{"taxonomy":"category","embeddable":true,"href":"https:\/\/migracao.redenoticia.com.br\/noticia\/wp-json\/wp\/v2\/categories?post=240392"},{"taxonomy":"post_tag","embeddable":true,"href":"https:\/\/migracao.redenoticia.com.br\/noticia\/wp-json\/wp\/v2\/tags?post=240392"}],"curies":[{"name":"wp","href":"https:\/\/api.w.org\/{rel}","templated":true}]}}