{"id":240394,"date":"2023-12-11T13:14:43","date_gmt":"2023-12-11T16:14:43","guid":{"rendered":"https:\/\/www.redenoticia.com.br\/noticia\/?p=240394"},"modified":"2023-12-11T13:14:43","modified_gmt":"2023-12-11T16:14:43","slug":"resumo-sera-isso-amor-12-12-serkan-e-eda-se-encontram-depois-de-cinco-anos","status":"publish","type":"post","link":"https:\/\/migracao.redenoticia.com.br\/noticia\/2023\/resumo-sera-isso-amor-12-12-serkan-e-eda-se-encontram-depois-de-cinco-anos\/240394","title":{"rendered":"Resumo \u201cSer\u00e1 Isso Amor?\u201d 12\/12: Serkan e Eda se encontram depois de cinco anos"},"content":{"rendered":"<p> <img loading=\"lazy\" decoding=\"async\" class=\"aligncenter size-full wp-image-235988\" src=\"https:\/\/migracao.redenoticia.com.br\/noticia\/imagens\/novela-sera-isso-amor-tnt-resumo-elenco.jpg\" alt=\"\" width=\"1280\" height=\"720\" srcset=\"https:\/\/migracao.redenoticia.com.br\/noticia\/imagens\/novela-sera-isso-amor-tnt-resumo-elenco.jpg 1280w, https:\/\/migracao.redenoticia.com.br\/noticia\/imagens\/novela-sera-isso-amor-tnt-resumo-elenco-250x140.jpg 250w, https:\/\/migracao.redenoticia.com.br\/noticia\/imagens\/novela-sera-isso-amor-tnt-resumo-elenco-400x225.jpg 400w, https:\/\/migracao.redenoticia.com.br\/noticia\/imagens\/novela-sera-isso-amor-tnt-resumo-elenco-768x432.jpg 768w, https:\/\/migracao.redenoticia.com.br\/noticia\/imagens\/novela-sera-isso-amor-tnt-resumo-elenco-150x84.jpg 150w\" sizes=\"auto, (max-width: 1280px) 100vw, 1280px\" \/><\/p>\n<p><strong><em>Resumo da novela \u201cSer\u00e1 Isso Amor?\u201d<\/em><\/strong> em 12\/12: no cap\u00edtulo 122(*) da novela, Eda e Serkan v\u00e3o para a van. Eda encontra o envelope que Serkan escondeu entre os documentos e pergunta o que \u00e9. Os caminhos de Serkan e Eda voltam a se encontrar depois de cinco anos. Aydan e Kemal decidem reatar, mas Kemal pede que Aydan tome uma decis\u00e3o. &#8230; 5 anos se passaram; Serkan Bolat e Eda se separaram; Serkan usou drogas por causa do tumor no c\u00e9rebro, passou por momentos dif\u00edceis e ficou mal-humorado; Depois quis se dedicar ao trabalho, para isso n\u00e3o queria Eda com ele e, por \u00faltimo, quis ir embora completamente. <\/p>\n<p>Eda foi para a It\u00e1lia e completou seus estudos; Ele recebeu pr\u00eamios por seu trabalho, mas ainda trabalha como minimalista na vida. Ela est\u00e1 novamente com Melo e sua tia. Atualmente, ela realiza o paisagismo do jardim de um hotel em Iile. Melo e a tia tamb\u00e9m trabalham num caf\u00e9 daquele hotel. A maior mudan\u00e7a em sua vida \u00e9 Kiraz, sua filha de Serkan. Claro, nem Serkan nem sua m\u00e3e sabem que ela tem um filho. Piril e Engin tiveram um filho; Engin est\u00e1 cuidando da crian\u00e7a; Piril trabalha no escrit\u00f3rio. A empresa de Serkan assumiu a restaura\u00e7\u00e3o do hotel em Iile. Piril sabe sobre Eda e sua filha. Ceren e Ferit est\u00e3o no exterior e juntos. Como a Sra. Ayfer n\u00e3o pode contar ao filho sobre seu amante Kemal, eles vivenciam eventos evasivos engra\u00e7ados. <\/p>\n<p>(*) edi\u00e7\u00e3o das novelas da TNT\/HBO, \u201cSer\u00e1 Isso Amor?\u201d, sujeito a altera\u00e7\u00e3o de data e conte\u00fado.<\/p>\n<p>Sinopse &#8220;Ser\u00e1 Isso Amor?&#8221;: (Primeira Temporada) Eda n\u00e3o consegue concluir sua gradua\u00e7\u00e3o na faculdade de arquitetura paisag\u00edstica por causa de Serkan Bolat. Serkan tem uma ex-namorada, Selin, que ficou noiva recentemente ap\u00f3s o rompimento. Para recuper\u00e1-la, Serkan oferece a Eda um contrato segundo o qual ela deve fingir ser sua noiva por dois meses. Ela aceita a oferta e n\u00e3o demora para surgir algo entre eles. <\/p>\n<p>(Segunda Temporada) Serkan e Eda passam por momentos dif\u00edceis durante o tratamento de c\u00e2ncer dele, que fica obcecado com sua doen\u00e7a e que vira um homem completamente diferente ap\u00f3s sobreviver. Serkan volta a se concentrar apenas em seu trabalho, que aos poucos o afasta de Eda. Mais tarde, ela vai para a It\u00e1lia para concluir seus estudos, enquanto Serkan continua com sua vida. Mas quando eles finalmente se reencontram ap\u00f3s 5 longos anos, a vida tem uma surpresa para ambos. <\/p>\n","protected":false},"excerpt":{"rendered":"<p>Resumo da novela \u201cSer\u00e1 Isso Amor?\u201d em 12\/12: no cap\u00edtulo 122(*) da novela, Eda e Serkan v\u00e3o para a van. Eda encontra o envelope que Serkan escondeu entre os documentos e pergunta o que \u00e9. Os caminhos de Serkan e Eda voltam a se encontrar depois de cinco anos. Aydan e Kemal decidem reatar, mas [&hellip;]<\/p>\n","protected":false},"author":3,"featured_media":235990,"comment_status":"closed","ping_status":"closed","sticky":false,"template":"","format":"standard","meta":{"tdm_status":"","tdm_grid_status":"","footnotes":""},"categories":[379,2025,2316,343,2315],"tags":[441],"class_list":{"0":"post-240394","1":"post","2":"type-post","3":"status-publish","4":"format-standard","5":"has-post-thumbnail","7":"category-novelas","8":"category-resumo","9":"category-sera-isso-amor","10":"category-televisao","11":"category-tnt","12":"tag-resumo-do-dia"},"_links":{"self":[{"href":"https:\/\/migracao.redenoticia.com.br\/noticia\/wp-json\/wp\/v2\/posts\/240394","targetHints":{"allow":["GET"]}}],"collection":[{"href":"https:\/\/migracao.redenoticia.com.br\/noticia\/wp-json\/wp\/v2\/posts"}],"about":[{"href":"https:\/\/migracao.redenoticia.com.br\/noticia\/wp-json\/wp\/v2\/types\/post"}],"author":[{"embeddable":true,"href":"https:\/\/migracao.redenoticia.com.br\/noticia\/wp-json\/wp\/v2\/users\/3"}],"replies":[{"embeddable":true,"href":"https:\/\/migracao.redenoticia.com.br\/noticia\/wp-json\/wp\/v2\/comments?post=240394"}],"version-history":[{"count":0,"href":"https:\/\/migracao.redenoticia.com.br\/noticia\/wp-json\/wp\/v2\/posts\/240394\/revisions"}],"wp:featuredmedia":[{"embeddable":true,"href":"https:\/\/migracao.redenoticia.com.br\/noticia\/wp-json\/wp\/v2\/media\/235990"}],"wp:attachment":[{"href":"https:\/\/migracao.redenoticia.com.br\/noticia\/wp-json\/wp\/v2\/media?parent=240394"}],"wp:term":[{"taxonomy":"category","embeddable":true,"href":"https:\/\/migracao.redenoticia.com.br\/noticia\/wp-json\/wp\/v2\/categories?post=240394"},{"taxonomy":"post_tag","embeddable":true,"href":"https:\/\/migracao.redenoticia.com.br\/noticia\/wp-json\/wp\/v2\/tags?post=240394"}],"curies":[{"name":"wp","href":"https:\/\/api.w.org\/{rel}","templated":true}]}}