{"id":240396,"date":"2023-12-11T13:18:20","date_gmt":"2023-12-11T16:18:20","guid":{"rendered":"https:\/\/www.redenoticia.com.br\/noticia\/?p=240396"},"modified":"2023-12-11T13:18:20","modified_gmt":"2023-12-11T16:18:20","slug":"resumo-iludida-12-12-asya-aceita-ir-com-aras-para-a-inglaterra","status":"publish","type":"post","link":"https:\/\/migracao.redenoticia.com.br\/noticia\/2023\/resumo-iludida-12-12-asya-aceita-ir-com-aras-para-a-inglaterra\/240396","title":{"rendered":"Resumo \u201cIludida\u201d 12\/12: Asya aceita ir com Aras para a Inglaterra"},"content":{"rendered":"<p> <img loading=\"lazy\" decoding=\"async\" class=\"aligncenter size-full wp-image-235992\" src=\"https:\/\/migracao.redenoticia.com.br\/noticia\/imagens\/novela-iludida-logo-resumo-canal-tnt.jpg\" alt=\"\" width=\"1280\" height=\"720\" srcset=\"https:\/\/migracao.redenoticia.com.br\/noticia\/imagens\/novela-iludida-logo-resumo-canal-tnt.jpg 1280w, https:\/\/migracao.redenoticia.com.br\/noticia\/imagens\/novela-iludida-logo-resumo-canal-tnt-250x140.jpg 250w, https:\/\/migracao.redenoticia.com.br\/noticia\/imagens\/novela-iludida-logo-resumo-canal-tnt-400x225.jpg 400w, https:\/\/migracao.redenoticia.com.br\/noticia\/imagens\/novela-iludida-logo-resumo-canal-tnt-768x432.jpg 768w, https:\/\/migracao.redenoticia.com.br\/noticia\/imagens\/novela-iludida-logo-resumo-canal-tnt-150x84.jpg 150w\" sizes=\"auto, (max-width: 1280px) 100vw, 1280px\" \/><\/p>\n<p><strong><em>Resumo da novela \u201cIludida\u201d<\/em><\/strong> em 12\/12: no cap\u00edtulo 122(*) da novela, Haluk \u00e9 levado \u00e0s pressas para o hospital, mas os m\u00e9dicos n\u00e3o conseguem salvar sua vida. No dia seguinte, celebra-se o enterro. Asya comparece para oferecer condol\u00eancias \u00e0 fam\u00edlia e Derin culpa ela e Aras na frente de todos pelo falecimento de seu pai. Por seu lado, G\u00f6nul cede todo o poder da empresa a Volkan para que este se vingue de Aras: \u201cAgora temos um inimigo comum\u201d.<\/p>\n<p>Sel\u00e7uk amea\u00e7a Aras, que quer largar tudo e fugir com Asya, porque acha que ele matou o seu pai. Volkan come\u00e7a a administrar o neg\u00f3cio ap\u00f3s a morte de Haluk, e G\u00f6n\u00fcl bola um plano contra Asya por ter deixado seu marido morrer. &#8230; Sel\u00e7uk fica arrasado com a morte do pai e organiza um ataque \u00e0 casa de Aras, culpando-o pelo ataque card\u00edaco que matou Haluk. Enquanto isso, Volkan assume as fun\u00e7\u00f5es de seu sogro na empresa. <\/p>\n<p>Nil est\u00e1 muito decepcionado com Sel\u00e7uk por suas \u00faltimas a\u00e7\u00f5es e teme que ele volte a ser o homem que, mais do que amor, inspirou seu medo. A mo\u00e7a lhe d\u00e1 um ultimato e pega as malas, decidida a ir embora, mas ele implora com l\u00e1grimas nos olhos que n\u00e3o v\u00e1 e o deixe sozinho: &#8220;N\u00e3o consigo superar esse momento ruim sem voc\u00ea .&#8221; Por outro lado, Aras pede a Kadir que v\u00e1 a Londres e leve sua m\u00e3e com ele: &#8220;Quero proteg\u00ea-la de poss\u00edveis repres\u00e1lias contra mim&#8221;. O homem, ap\u00f3s se despedir de Derya e prometer que se reencontrar\u00e3o, acata a vontade do grande amigo. Enquanto isso, Aras prop\u00f5e a Asya ir com ele para a Inglaterra e ela aceita alegremente: &#8220;Acho que merecemos come\u00e7ar uma nova vida longe de tanto \u00f3dio.&#8221;<\/p>\n<p>(*) edi\u00e7\u00e3o das novelas da TNT\/HBO, \u201cIludida\u201d, sujeito a altera\u00e7\u00e3o de data e conte\u00fado.<\/p>\n<p>Sinopse &#8220;Iludida&#8221;: Com apenas 37 anos, Asya \u00e9 vice-diretora e m\u00e9dica em um hospital da cidade de Tekirdag. Al\u00e9m de ter uma carreira profissional de sucesso, leva uma vida tranquila com o seu marido Volkan e seu filho Ali. Ela parece ter tudo: um trabalho perfeito, uma casa linda e uma fam\u00edlia feliz. Asya se sente a mulher mais sortuda do mundo, o que mais ela poderia pedir? Tudo na sua vida parecia ser cor-de-rosa, at\u00e9 que ela descobre um cabelo loiro no cachecol do seu marido, o que a transforma em uma pessoa obsessiva e incapaz de confiar nas pessoas ao seu redor. Por\u00e9m, ela n\u00e3o se engana em desconfiar deles: aos poucos, Asya descobre uma rede de mentiras que a leva a perceber que a sua vida n\u00e3o era t\u00e3o perfeita como ela pensava.<\/p>\n","protected":false},"excerpt":{"rendered":"<p>Resumo da novela \u201cIludida\u201d em 12\/12: no cap\u00edtulo 122(*) da novela, Haluk \u00e9 levado \u00e0s pressas para o hospital, mas os m\u00e9dicos n\u00e3o conseguem salvar sua vida. No dia seguinte, celebra-se o enterro. Asya comparece para oferecer condol\u00eancias \u00e0 fam\u00edlia e Derin culpa ela e Aras na frente de todos pelo falecimento de seu pai. [&hellip;]<\/p>\n","protected":false},"author":2,"featured_media":235991,"comment_status":"closed","ping_status":"closed","sticky":false,"template":"","format":"standard","meta":{"tdm_status":"","tdm_grid_status":"","footnotes":""},"categories":[2317,379,2025,343,2315],"tags":[441],"class_list":{"0":"post-240396","1":"post","2":"type-post","3":"status-publish","4":"format-standard","5":"has-post-thumbnail","7":"category-iludida","8":"category-novelas","9":"category-resumo","10":"category-televisao","11":"category-tnt","12":"tag-resumo-do-dia"},"_links":{"self":[{"href":"https:\/\/migracao.redenoticia.com.br\/noticia\/wp-json\/wp\/v2\/posts\/240396","targetHints":{"allow":["GET"]}}],"collection":[{"href":"https:\/\/migracao.redenoticia.com.br\/noticia\/wp-json\/wp\/v2\/posts"}],"about":[{"href":"https:\/\/migracao.redenoticia.com.br\/noticia\/wp-json\/wp\/v2\/types\/post"}],"author":[{"embeddable":true,"href":"https:\/\/migracao.redenoticia.com.br\/noticia\/wp-json\/wp\/v2\/users\/2"}],"replies":[{"embeddable":true,"href":"https:\/\/migracao.redenoticia.com.br\/noticia\/wp-json\/wp\/v2\/comments?post=240396"}],"version-history":[{"count":0,"href":"https:\/\/migracao.redenoticia.com.br\/noticia\/wp-json\/wp\/v2\/posts\/240396\/revisions"}],"wp:featuredmedia":[{"embeddable":true,"href":"https:\/\/migracao.redenoticia.com.br\/noticia\/wp-json\/wp\/v2\/media\/235991"}],"wp:attachment":[{"href":"https:\/\/migracao.redenoticia.com.br\/noticia\/wp-json\/wp\/v2\/media?parent=240396"}],"wp:term":[{"taxonomy":"category","embeddable":true,"href":"https:\/\/migracao.redenoticia.com.br\/noticia\/wp-json\/wp\/v2\/categories?post=240396"},{"taxonomy":"post_tag","embeddable":true,"href":"https:\/\/migracao.redenoticia.com.br\/noticia\/wp-json\/wp\/v2\/tags?post=240396"}],"curies":[{"name":"wp","href":"https:\/\/api.w.org\/{rel}","templated":true}]}}