{"id":240435,"date":"2023-12-12T16:11:37","date_gmt":"2023-12-12T19:11:37","guid":{"rendered":"https:\/\/www.redenoticia.com.br\/noticia\/?p=240435"},"modified":"2023-12-12T16:11:37","modified_gmt":"2023-12-12T19:11:37","slug":"resumo-a-infancia-de-romeu-e-julieta-13-12-telma-pede-perdao-para-mauro","status":"publish","type":"post","link":"https:\/\/migracao.redenoticia.com.br\/noticia\/2023\/resumo-a-infancia-de-romeu-e-julieta-13-12-telma-pede-perdao-para-mauro\/240435","title":{"rendered":"Resumo \u201cA Inf\u00e2ncia de Romeu e Julieta\u201d 13\/12: Telma pede perd\u00e3o para Mauro"},"content":{"rendered":"<p> <img loading=\"lazy\" decoding=\"async\" src=\"https:\/\/migracao.redenoticia.com.br\/noticia\/imagens\/novela-romeu-e-julieta-sbt-elenco-resumo.jpg\" alt=\"\" width=\"1280\" height=\"720\" class=\"aligncenter size-full wp-image-232242\" srcset=\"https:\/\/migracao.redenoticia.com.br\/noticia\/imagens\/novela-romeu-e-julieta-sbt-elenco-resumo.jpg 1280w, https:\/\/migracao.redenoticia.com.br\/noticia\/imagens\/novela-romeu-e-julieta-sbt-elenco-resumo-250x140.jpg 250w, https:\/\/migracao.redenoticia.com.br\/noticia\/imagens\/novela-romeu-e-julieta-sbt-elenco-resumo-400x225.jpg 400w, https:\/\/migracao.redenoticia.com.br\/noticia\/imagens\/novela-romeu-e-julieta-sbt-elenco-resumo-768x432.jpg 768w, https:\/\/migracao.redenoticia.com.br\/noticia\/imagens\/novela-romeu-e-julieta-sbt-elenco-resumo-150x84.jpg 150w\" sizes=\"auto, (max-width: 1280px) 100vw, 1280px\" \/><\/p>\n<p><strong><em>Resumo da novela \u201cA Inf\u00e2ncia de Romeu e Julieta\u201d<\/em><\/strong> em 13\/12: no cap\u00edtulo 158(*) da novela, Telma revela a Mauro que n\u00e3o gostou do rel\u00f3gio inteligente, que de todos os presentes que ele deu, nenhum tem a cara dela. Muke fura a bola de futebol comprada por Trapa\u00e7a. Dimitri descobre que ele tem a chave para abrir o ba\u00fa. Romeu fala a Bernardo que ele n\u00e3o foi o autor do prato deixado debaixo do sof\u00e1. Toda fam\u00edlia Monteiro se re\u00fane na casa de Vera e Bernardo. Romeu declara que os Campos tamb\u00e9m ca\u00edram no golpe do Sim\u00e3o e que Mariana est\u00e1 sendo despejada de sua casa, mas Glaucia acha que eles podem ter inventado a hist\u00f3ria para se livrar da pol\u00edcia.<\/p>\n<p>Vera exp\u00f5e \u00e0 fam\u00edlia que tudo pode acontecer vindo de Mariana, j\u00e1 que ela roubou sua joia e sequestrou Romeu. Vera mostra foto da joia para todos, e Dimitri reconhece o colar. O garoto viu sua m\u00e3e usando pela \u00faltima vez. Fausto invade a casa de Glaucia. Leon cumpre com o acordo e aparece para Trapa\u00e7a. Ela diz que est\u00e1 tentando colocar os ensinamentos do manual de escoteiro em pr\u00e1tica. Telma comenta com L\u00edvia que n\u00e3o sabe se vai continuar com Mauro, j\u00e1 que eles pensam diferente. L\u00edvia informa que Mauro pagou o acampamento para ela, e Telma fica surpresa com a atitude. Telma pede perd\u00e3o para Mauro.<\/p>\n<p>(*) edi\u00e7\u00e3o das novelas do SBT, \u201cA Inf\u00e2ncia de Romeu e Julieta\u201d, sujeito a altera\u00e7\u00e3o de data e conte\u00fado.<\/p>\n<p>Sinopse \u201cA Inf\u00e2ncia de Romeu e Julieta\u201d: A Trama se passa no bairro chamado castanheiras, em que duas fam\u00edlias com propostas diferentes para esse bairro vivem em disc\u00f3rdia, sendo divididas entre os lados Torre (Campos) e Vila (Monteiro).[6] Entretanto, Romeu (Miguel \u00c2ngelo) e Julieta (Vitt\u00f3ria Seixas) se conhecem, da\u00ed em diante, as fam\u00edlias rivais t\u00eam uma nova oportunidade de trazer paz e uni\u00e3o entre o conv\u00edvio deles. <\/p>\n<p>Romeu e Julieta n\u00e3o sabem como v\u00e3o fazer para ficarem juntos. A not\u00edcia do romance chega \u00e0s fam\u00edlias, que n\u00e3o gostam nada da hist\u00f3ria e tratam de afasta-los imediatamente, aprontando v\u00e1rias situa\u00e7\u00f5es. Romeu e Julieta querem acabar com essa hostilidade e tentam ir atr\u00e1s de uma solu\u00e7\u00e3o, mas ao descobrirem mais sobre a hist\u00f3ria de seus pais, percebem que pode ser imposs\u00edvel.<\/p>\n","protected":false},"excerpt":{"rendered":"<p>Resumo da novela \u201cA Inf\u00e2ncia de Romeu e Julieta\u201d em 13\/12: no cap\u00edtulo 158(*) da novela, Telma revela a Mauro que n\u00e3o gostou do rel\u00f3gio inteligente, que de todos os presentes que ele deu, nenhum tem a cara dela. Muke fura a bola de futebol comprada por Trapa\u00e7a. Dimitri descobre que ele tem a chave [&hellip;]<\/p>\n","protected":false},"author":5,"featured_media":232241,"comment_status":"closed","ping_status":"closed","sticky":false,"template":"","format":"standard","meta":{"tdm_status":"","tdm_grid_status":"","footnotes":""},"categories":[2306,379,2025,372,343],"tags":[441],"class_list":{"0":"post-240435","1":"post","2":"type-post","3":"status-publish","4":"format-standard","5":"has-post-thumbnail","7":"category-novela-romeu-e-julieta","8":"category-novelas","9":"category-resumo","10":"category-sbt","11":"category-televisao","12":"tag-resumo-do-dia"},"_links":{"self":[{"href":"https:\/\/migracao.redenoticia.com.br\/noticia\/wp-json\/wp\/v2\/posts\/240435","targetHints":{"allow":["GET"]}}],"collection":[{"href":"https:\/\/migracao.redenoticia.com.br\/noticia\/wp-json\/wp\/v2\/posts"}],"about":[{"href":"https:\/\/migracao.redenoticia.com.br\/noticia\/wp-json\/wp\/v2\/types\/post"}],"author":[{"embeddable":true,"href":"https:\/\/migracao.redenoticia.com.br\/noticia\/wp-json\/wp\/v2\/users\/5"}],"replies":[{"embeddable":true,"href":"https:\/\/migracao.redenoticia.com.br\/noticia\/wp-json\/wp\/v2\/comments?post=240435"}],"version-history":[{"count":0,"href":"https:\/\/migracao.redenoticia.com.br\/noticia\/wp-json\/wp\/v2\/posts\/240435\/revisions"}],"wp:featuredmedia":[{"embeddable":true,"href":"https:\/\/migracao.redenoticia.com.br\/noticia\/wp-json\/wp\/v2\/media\/232241"}],"wp:attachment":[{"href":"https:\/\/migracao.redenoticia.com.br\/noticia\/wp-json\/wp\/v2\/media?parent=240435"}],"wp:term":[{"taxonomy":"category","embeddable":true,"href":"https:\/\/migracao.redenoticia.com.br\/noticia\/wp-json\/wp\/v2\/categories?post=240435"},{"taxonomy":"post_tag","embeddable":true,"href":"https:\/\/migracao.redenoticia.com.br\/noticia\/wp-json\/wp\/v2\/tags?post=240435"}],"curies":[{"name":"wp","href":"https:\/\/api.w.org\/{rel}","templated":true}]}}