{"id":240467,"date":"2023-12-13T13:24:13","date_gmt":"2023-12-13T16:24:13","guid":{"rendered":"https:\/\/www.redenoticia.com.br\/noticia\/?p=240467"},"modified":"2023-12-13T13:24:13","modified_gmt":"2023-12-13T16:24:13","slug":"resumo-abismo-de-paixao-14-12-henrique-espalha-boatos-sobre-elisa","status":"publish","type":"post","link":"https:\/\/migracao.redenoticia.com.br\/noticia\/2023\/resumo-abismo-de-paixao-14-12-henrique-espalha-boatos-sobre-elisa\/240467","title":{"rendered":"Resumo \u201cAbismo de Paix\u00e3o\u201d 14\/12: Henrique espalha boatos sobre Elisa"},"content":{"rendered":"<p> <img loading=\"lazy\" decoding=\"async\" src=\"https:\/\/migracao.redenoticia.com.br\/noticia\/imagens\/abismo-de-paixao-novela-resumo.jpg\" alt=\"\" width=\"1280\" height=\"720\" class=\"aligncenter size-full wp-image-240071\" srcset=\"https:\/\/migracao.redenoticia.com.br\/noticia\/imagens\/abismo-de-paixao-novela-resumo.jpg 1280w, https:\/\/migracao.redenoticia.com.br\/noticia\/imagens\/abismo-de-paixao-novela-resumo-250x140.jpg 250w, https:\/\/migracao.redenoticia.com.br\/noticia\/imagens\/abismo-de-paixao-novela-resumo-400x225.jpg 400w, https:\/\/migracao.redenoticia.com.br\/noticia\/imagens\/abismo-de-paixao-novela-resumo-768x432.jpg 768w, https:\/\/migracao.redenoticia.com.br\/noticia\/imagens\/abismo-de-paixao-novela-resumo-150x85.jpg 150w\" sizes=\"auto, (max-width: 1280px) 100vw, 1280px\" \/> <\/p>\n<p><strong><em>Resumo da novela \u201cAbismo de Paix\u00e3o\u201d<\/em><\/strong> em 14\/12: no cap\u00edtulo 027(*) da novela, Edmundo diz a Carmen que n\u00e3o faltar\u00e1 com sua \u00e9tica profissional, nem por ela, nem por ningu\u00e9m. Ele afirma que se ela n\u00e3o quer enfrentar Augusto \u00e9 porque n\u00e3o o ama como diz amar. Carmen responde que Edmundo acaba de perd\u00ea-la. Br\u00e1ulio diz a Dami\u00e3o que Ramiro convenceu Almerinda a despedir Lucio, pois do contr\u00e1rio o senhor continuaria trabalhando. Dami\u00e3o visita Lucio para propor que ele volte ao trabalho na processadora. Lucio responde Dami\u00e3o n\u00e3o tem esse direito, pois apesar de ser o dono, n\u00e3o est\u00e1 a par da situa\u00e7\u00e3o dos trabalhadores. Carmen procura Ramiro para que ele a ajude a se desfazer das amostras de sangue de Elisa e Augusto. Ramiro tenta tomar Carmen a for\u00e7a e a diz que se precisa mesmo de sua ajuda, ele cobrar\u00e1 o favor adiantado. Carmen o esbofeteia e o diz n\u00e3o precisar dele para nada. <\/p>\n<p>Elisa escuta quando Dami\u00e3o diz a Lucio que vai embora porque Almerinda sempre o est\u00e1 determinando o que fazer, e isso o incomoda. Paulo procura Elisa e diz tudo que sente por ela, Elisa o responde que ele est\u00e1 perdendo seu tempo com ela. Dami\u00e3o diz a Almerinda que n\u00e3o entende porque ela confia tanto em Ramiro Mendon\u00e7a, que \u00e9 uma pessoa que n\u00e3o tem respeito nenhum pelos trabalhadores. Almerinda o responde que ele n\u00e3o tem nenhum direito de julgar Ramiro, e que gra\u00e7as \u00e1 ele a processadora segue funcionando desde a morte de Rog\u00e9rio. Dami\u00e3o se enfurece quando Henrique diz que Elisa estava paquerando Ramiro. Henrique segue espalhando os boatos de que Elisa j\u00e1 esteve com a maior parte dos homens do povoado. <\/p>\n<p>Dami\u00e3o o sacode e pergunta se ela tamb\u00e9m se meteu com ele. Flor\u00eancia interrompe a discuss\u00e3o e diz a Dami\u00e3o que ele fica como louco quando ouve falar de Elisa. Dami\u00e3o diz a Flor\u00eancia que o chateia que digam tantas mentiras de Elisa, porque ele a conhece muito bem e sabe que ela n\u00e3o \u00e9 assim como dizem. Carmen tenta subornar uma enfermeira para que entregue exames falsos de DNA a Augusto. No entanto, ela responde que se Carmen n\u00e3o se retirar ir\u00e1 chamar o seguran\u00e7a. Almerinda tenta fazer um trato com Elisa sem o conhecimento de Augusto, mas ela responde que se seu pai n\u00e3o est\u00e1 de acordo, n\u00e3o h\u00e1 trato.<\/p>\n<p> Almerinda deixa claro para Elisa que jamais honraria um trato feito com algu\u00e9m que tenha o sobrenome Bouvier, e que inventou a festa de compromisso de Dami\u00e3o s\u00f3 para mostrar-lhe que seu filho ter\u00e1 ao lado uma mulher decente. Elisa responde que Almerinda a inspira pena, pois \u00e9 um ser cheio de ressentimento e amargura. Elisa finaliza a conversa dizendo que mesmo que isso a zangue, ir\u00e1 cultivar em suas terras, e isso ajudar\u00e1 Augusto em seus neg\u00f3cios. Lucio se sente frustrado e acredita estar velho, e n\u00e3o ter for\u00e7as para se defender de Ramiro. Branca tenta anim\u00e1-lo, mas Lucio a pede que o deixe s\u00f3. <\/p>\n<p>Flor\u00eancia, furiosa, joga na cara de Dami\u00e3o o colar que ele a deu, e lhe pergunta como ele teve coragem de dar a ela o mesmo presente que deu a Elisa. Dami\u00e3o responde que n\u00e3o a presenteou, que ele iria atirar o colar no lixo, mas ela lhe pediu. Flor\u00eancia grita com Dami\u00e3o, dizendo que jamais seguir\u00e1 mais quinze dias no povoado. Flor\u00eancia diz a Paulo que est\u00e1 certa que Dami\u00e3o gosta de Elisa, pois a defende com uma ferocidade jamais vista.<\/p>\n<p>(*) edi\u00e7\u00e3o das novelas do SBT, \u201cAbismo de Paix\u00e3o\u201d, sujeito a altera\u00e7\u00e3o de data e conte\u00fado.<\/p>\n<p>Sinopse \u201cAbismo de Paix\u00e3o\u201d: Almerinda, temendo a reaproxima\u00e7\u00e3o de Dami\u00e3o e Elisa, come\u00e7a a pressionar seu filho pra que ele se case o mais r\u00e1pido poss\u00edvel e retorne \u00e0 It\u00e1lia. Dami\u00e3o termina seu noivado com Flor\u00eancia assim que percebe que est\u00e1 apaixonado por Elisa e os dois planejam se casar escondido de suas fam\u00edlias. Augusto descobre o romance clandestino dos dois e n\u00e3o est\u00e1 disposto a aceitar o filho do amante de sua esposa como seu genro. <\/p>\n<p>Ele amea\u00e7a Elisa de matar Dami\u00e3o caso eles continuem juntos e Elisa decide se sacrificar pela vida de seu amado e termina sua rela\u00e7\u00e3o; e para que Dami\u00e3o pare de insistir, se d\u00e1 uma oportunidade com Gael, que confessou que sempre esteve apaixonado por ela. Essa decis\u00e3o al\u00e9m de abalar a amizade entre Dami\u00e3o e Gael, tamb\u00e9m abala a amizade entre Paloma e Elisa, j\u00e1 que Paloma sempre esteve apaixonada por Gael.<\/p>\n","protected":false},"excerpt":{"rendered":"<p>Resumo da novela \u201cAbismo de Paix\u00e3o\u201d em 14\/12: no cap\u00edtulo 027(*) da novela, Edmundo diz a Carmen que n\u00e3o faltar\u00e1 com sua \u00e9tica profissional, nem por ela, nem por ningu\u00e9m. Ele afirma que se ela n\u00e3o quer enfrentar Augusto \u00e9 porque n\u00e3o o ama como diz amar. Carmen responde que Edmundo acaba de perd\u00ea-la. Br\u00e1ulio [&hellip;]<\/p>\n","protected":false},"author":5,"featured_media":240070,"comment_status":"closed","ping_status":"closed","sticky":false,"template":"","format":"standard","meta":{"tdm_status":"","tdm_grid_status":"","footnotes":""},"categories":[2321,379,2025,372,343],"tags":[441],"class_list":{"0":"post-240467","1":"post","2":"type-post","3":"status-publish","4":"format-standard","5":"has-post-thumbnail","7":"category-abismo-de-paixao","8":"category-novelas","9":"category-resumo","10":"category-sbt","11":"category-televisao","12":"tag-resumo-do-dia"},"_links":{"self":[{"href":"https:\/\/migracao.redenoticia.com.br\/noticia\/wp-json\/wp\/v2\/posts\/240467","targetHints":{"allow":["GET"]}}],"collection":[{"href":"https:\/\/migracao.redenoticia.com.br\/noticia\/wp-json\/wp\/v2\/posts"}],"about":[{"href":"https:\/\/migracao.redenoticia.com.br\/noticia\/wp-json\/wp\/v2\/types\/post"}],"author":[{"embeddable":true,"href":"https:\/\/migracao.redenoticia.com.br\/noticia\/wp-json\/wp\/v2\/users\/5"}],"replies":[{"embeddable":true,"href":"https:\/\/migracao.redenoticia.com.br\/noticia\/wp-json\/wp\/v2\/comments?post=240467"}],"version-history":[{"count":0,"href":"https:\/\/migracao.redenoticia.com.br\/noticia\/wp-json\/wp\/v2\/posts\/240467\/revisions"}],"wp:featuredmedia":[{"embeddable":true,"href":"https:\/\/migracao.redenoticia.com.br\/noticia\/wp-json\/wp\/v2\/media\/240070"}],"wp:attachment":[{"href":"https:\/\/migracao.redenoticia.com.br\/noticia\/wp-json\/wp\/v2\/media?parent=240467"}],"wp:term":[{"taxonomy":"category","embeddable":true,"href":"https:\/\/migracao.redenoticia.com.br\/noticia\/wp-json\/wp\/v2\/categories?post=240467"},{"taxonomy":"post_tag","embeddable":true,"href":"https:\/\/migracao.redenoticia.com.br\/noticia\/wp-json\/wp\/v2\/tags?post=240467"}],"curies":[{"name":"wp","href":"https:\/\/api.w.org\/{rel}","templated":true}]}}