{"id":240473,"date":"2023-12-13T13:27:22","date_gmt":"2023-12-13T16:27:22","guid":{"rendered":"https:\/\/www.redenoticia.com.br\/noticia\/?p=240473"},"modified":"2023-12-13T13:27:22","modified_gmt":"2023-12-13T16:27:22","slug":"resumo-a-infancia-de-romeu-e-julieta-14-12-teo-vai-em-busca-do-suposto-pai-biologico","status":"publish","type":"post","link":"https:\/\/migracao.redenoticia.com.br\/noticia\/2023\/resumo-a-infancia-de-romeu-e-julieta-14-12-teo-vai-em-busca-do-suposto-pai-biologico\/240473","title":{"rendered":"Resumo \u201cA Inf\u00e2ncia de Romeu e Julieta\u201d 14\/12: T\u00e9o vai em busca do suposto pai biol\u00f3gico"},"content":{"rendered":"<p> <img loading=\"lazy\" decoding=\"async\" src=\"https:\/\/migracao.redenoticia.com.br\/noticia\/imagens\/novela-romeu-e-julieta-sbt-elenco-resumo.jpg\" alt=\"\" width=\"1280\" height=\"720\" class=\"aligncenter size-full wp-image-232242\" srcset=\"https:\/\/migracao.redenoticia.com.br\/noticia\/imagens\/novela-romeu-e-julieta-sbt-elenco-resumo.jpg 1280w, https:\/\/migracao.redenoticia.com.br\/noticia\/imagens\/novela-romeu-e-julieta-sbt-elenco-resumo-250x140.jpg 250w, https:\/\/migracao.redenoticia.com.br\/noticia\/imagens\/novela-romeu-e-julieta-sbt-elenco-resumo-400x225.jpg 400w, https:\/\/migracao.redenoticia.com.br\/noticia\/imagens\/novela-romeu-e-julieta-sbt-elenco-resumo-768x432.jpg 768w, https:\/\/migracao.redenoticia.com.br\/noticia\/imagens\/novela-romeu-e-julieta-sbt-elenco-resumo-150x84.jpg 150w\" sizes=\"auto, (max-width: 1280px) 100vw, 1280px\" \/><\/p>\n<p><strong><em>Resumo da novela \u201cA Inf\u00e2ncia de Romeu e Julieta\u201d<\/em><\/strong> em 14\/12: no cap\u00edtulo 159(*) da novela, Romeu comenta com os membros da equipe \u00c1gua (Julieta, Patrick, Rosalina, Karen) que Dimitri est\u00e1 com a chave do ba\u00fa. O Armaz\u00e9m sofre um curto-circuito por apresentar fia\u00e7\u00e3o antiga. Amanda briga com Mariana porque ela sempre falou da fia\u00e7\u00e3o e Mariana nunca deu ouvido. Ap\u00f3s perder alguns produtos, Amanda sugere colocar os que sobraram no refrigerador do Monter Mercado. Mariana fica incomodada e acha que Vera n\u00e3o vai liberar o espa\u00e7o. Em quadra, Rosalina e Karen descontam raiva em L\u00edvia e Sofia, ap\u00f3s atitude, Julieta comenta com Romeu para n\u00e3o convidar as duas para abrirem o ba\u00fa.<\/p>\n<p>Empenhada em mudar o estilo do Pedalzera, Trapa\u00e7a deseja fazer din\u00e2mica em que todos citam qualidades de cada um do grupo, mas, na vez de elogiar Trapa\u00e7a, os amigos n\u00e3o t\u00eam muitas palavras a dizer. Amanda vai at\u00e9 o Monter Mercado e pede ajuda para Vera. Vera aceita auxiliar por ser Amanda que est\u00e1 pedindo, porque, se fosse a Mariana, ela n\u00e3o liberava espa\u00e7o. Vera imp\u00f5e que Amanda seja r\u00e1pida na ocupa\u00e7\u00e3o. Fausto invade a casa de Mauro. Romeu declara para Rosalina e Karen que a equipe \u00c1gua n\u00e3o quer que elas participem da abertura do ba\u00fa. T\u00e9o vai em busca do suposto pai biol\u00f3gico.<\/p>\n<p>(*) edi\u00e7\u00e3o das novelas do SBT, \u201cA Inf\u00e2ncia de Romeu e Julieta\u201d, sujeito a altera\u00e7\u00e3o de data e conte\u00fado.<\/p>\n<p>Sinopse \u201cA Inf\u00e2ncia de Romeu e Julieta\u201d: A Trama se passa no bairro chamado castanheiras, em que duas fam\u00edlias com propostas diferentes para esse bairro vivem em disc\u00f3rdia, sendo divididas entre os lados Torre (Campos) e Vila (Monteiro).[6] Entretanto, Romeu (Miguel \u00c2ngelo) e Julieta (Vitt\u00f3ria Seixas) se conhecem, da\u00ed em diante, as fam\u00edlias rivais t\u00eam uma nova oportunidade de trazer paz e uni\u00e3o entre o conv\u00edvio deles. <\/p>\n<p>Romeu e Julieta n\u00e3o sabem como v\u00e3o fazer para ficarem juntos. A not\u00edcia do romance chega \u00e0s fam\u00edlias, que n\u00e3o gostam nada da hist\u00f3ria e tratam de afasta-los imediatamente, aprontando v\u00e1rias situa\u00e7\u00f5es. Romeu e Julieta querem acabar com essa hostilidade e tentam ir atr\u00e1s de uma solu\u00e7\u00e3o, mas ao descobrirem mais sobre a hist\u00f3ria de seus pais, percebem que pode ser imposs\u00edvel.<\/p>\n","protected":false},"excerpt":{"rendered":"<p>Resumo da novela \u201cA Inf\u00e2ncia de Romeu e Julieta\u201d em 14\/12: no cap\u00edtulo 159(*) da novela, Romeu comenta com os membros da equipe \u00c1gua (Julieta, Patrick, Rosalina, Karen) que Dimitri est\u00e1 com a chave do ba\u00fa. O Armaz\u00e9m sofre um curto-circuito por apresentar fia\u00e7\u00e3o antiga. Amanda briga com Mariana porque ela sempre falou da fia\u00e7\u00e3o [&hellip;]<\/p>\n","protected":false},"author":2,"featured_media":232241,"comment_status":"closed","ping_status":"closed","sticky":false,"template":"","format":"standard","meta":{"tdm_status":"","tdm_grid_status":"","footnotes":""},"categories":[2306,379,2025,372,343],"tags":[441],"class_list":{"0":"post-240473","1":"post","2":"type-post","3":"status-publish","4":"format-standard","5":"has-post-thumbnail","7":"category-novela-romeu-e-julieta","8":"category-novelas","9":"category-resumo","10":"category-sbt","11":"category-televisao","12":"tag-resumo-do-dia"},"_links":{"self":[{"href":"https:\/\/migracao.redenoticia.com.br\/noticia\/wp-json\/wp\/v2\/posts\/240473","targetHints":{"allow":["GET"]}}],"collection":[{"href":"https:\/\/migracao.redenoticia.com.br\/noticia\/wp-json\/wp\/v2\/posts"}],"about":[{"href":"https:\/\/migracao.redenoticia.com.br\/noticia\/wp-json\/wp\/v2\/types\/post"}],"author":[{"embeddable":true,"href":"https:\/\/migracao.redenoticia.com.br\/noticia\/wp-json\/wp\/v2\/users\/2"}],"replies":[{"embeddable":true,"href":"https:\/\/migracao.redenoticia.com.br\/noticia\/wp-json\/wp\/v2\/comments?post=240473"}],"version-history":[{"count":0,"href":"https:\/\/migracao.redenoticia.com.br\/noticia\/wp-json\/wp\/v2\/posts\/240473\/revisions"}],"wp:featuredmedia":[{"embeddable":true,"href":"https:\/\/migracao.redenoticia.com.br\/noticia\/wp-json\/wp\/v2\/media\/232241"}],"wp:attachment":[{"href":"https:\/\/migracao.redenoticia.com.br\/noticia\/wp-json\/wp\/v2\/media?parent=240473"}],"wp:term":[{"taxonomy":"category","embeddable":true,"href":"https:\/\/migracao.redenoticia.com.br\/noticia\/wp-json\/wp\/v2\/categories?post=240473"},{"taxonomy":"post_tag","embeddable":true,"href":"https:\/\/migracao.redenoticia.com.br\/noticia\/wp-json\/wp\/v2\/tags?post=240473"}],"curies":[{"name":"wp","href":"https:\/\/api.w.org\/{rel}","templated":true}]}}