{"id":240509,"date":"2023-12-14T14:53:15","date_gmt":"2023-12-14T17:53:15","guid":{"rendered":"https:\/\/www.redenoticia.com.br\/noticia\/?p=240509"},"modified":"2023-12-14T14:53:15","modified_gmt":"2023-12-14T17:53:15","slug":"resumo-a-infancia-de-romeu-e-julieta-15-12-chilique-decide-abandonar-o-pedalzera","status":"publish","type":"post","link":"https:\/\/migracao.redenoticia.com.br\/noticia\/2023\/resumo-a-infancia-de-romeu-e-julieta-15-12-chilique-decide-abandonar-o-pedalzera\/240509","title":{"rendered":"Resumo \u201cA Inf\u00e2ncia de Romeu e Julieta\u201d 15\/12: Chilique decide abandonar o Pedalzera"},"content":{"rendered":"<p> <img loading=\"lazy\" decoding=\"async\" src=\"https:\/\/migracao.redenoticia.com.br\/noticia\/imagens\/novela-romeu-e-julieta-sbt-elenco-resumo.jpg\" alt=\"\" width=\"1280\" height=\"720\" class=\"aligncenter size-full wp-image-232242\" srcset=\"https:\/\/migracao.redenoticia.com.br\/noticia\/imagens\/novela-romeu-e-julieta-sbt-elenco-resumo.jpg 1280w, https:\/\/migracao.redenoticia.com.br\/noticia\/imagens\/novela-romeu-e-julieta-sbt-elenco-resumo-250x140.jpg 250w, https:\/\/migracao.redenoticia.com.br\/noticia\/imagens\/novela-romeu-e-julieta-sbt-elenco-resumo-400x225.jpg 400w, https:\/\/migracao.redenoticia.com.br\/noticia\/imagens\/novela-romeu-e-julieta-sbt-elenco-resumo-768x432.jpg 768w, https:\/\/migracao.redenoticia.com.br\/noticia\/imagens\/novela-romeu-e-julieta-sbt-elenco-resumo-150x84.jpg 150w\" sizes=\"auto, (max-width: 1280px) 100vw, 1280px\" \/><\/p>\n<p><strong><em>Resumo da novela \u201cA Inf\u00e2ncia de Romeu e Julieta\u201d<\/em><\/strong> em 15\/12: no cap\u00edtulo 160(*) da novela, T\u00e9o descobre que o suposto pai biol\u00f3gico vai dar uma palestra em um hotel e vai at\u00e9 o local. Fred apresenta o novo aplicativo do CEC. Bernardo \u00e9 contra o projeto, mas Leandro aprova. Bass\u00e2nio v\u00ea Vitor conversando com outras meninas. Trapa\u00e7a explica aos amigos que regras dentro do grupo se tornaram necess\u00e1rias, mas Muke, F\u00ea Dengosa e Chilique n\u00e3o gostam da nova modifica\u00e7\u00e3o. Romeu percebe Rosalina e Karen o seguindo e as distraem. Bass\u00e2nio resolve contar para P\u00f3rcia que flagrou Vitor conversando com duas meninas, ele refor\u00e7a que n\u00e3o \u00e9 a primeira vez que viu isso acontecendo. Ela fica triste.<\/p>\n<p>Dimitri, Ellen, Ian, Nath, Romeu, Julieta e Patrick se re\u00fanem na estufa ao lado de Clara e H\u00e9lio para abrirem o ba\u00fa. Dentro do ba\u00fa cont\u00e9m artigos e adere\u00e7os do passado de H\u00e9lio, Clara, Leandro e Fausto. O trof\u00e9u da equipe Fogo, que foi conquistado no acampamento e exposto no CEC, some. Amanda nota T\u00e9o na frente do hotel e o questiona. Amanda, Domitila e Daniel levam os produtos at\u00e9 o Monter Mercado e agradecem \u00e0 Vera pela ajuda. Vera manda eles lembrarem da gentileza quando tentarem algo contra o Monter Mercado. Chilique decide abandonar o Pedalzera. F\u00ea Dengosa e Muke choram.<\/p>\n<p>(*) edi\u00e7\u00e3o das novelas do SBT, \u201cA Inf\u00e2ncia de Romeu e Julieta\u201d, sujeito a altera\u00e7\u00e3o de data e conte\u00fado.<\/p>\n<p>Sinopse \u201cA Inf\u00e2ncia de Romeu e Julieta\u201d: A Trama se passa no bairro chamado castanheiras, em que duas fam\u00edlias com propostas diferentes para esse bairro vivem em disc\u00f3rdia, sendo divididas entre os lados Torre (Campos) e Vila (Monteiro).[6] Entretanto, Romeu (Miguel \u00c2ngelo) e Julieta (Vitt\u00f3ria Seixas) se conhecem, da\u00ed em diante, as fam\u00edlias rivais t\u00eam uma nova oportunidade de trazer paz e uni\u00e3o entre o conv\u00edvio deles. <\/p>\n<p>Romeu e Julieta n\u00e3o sabem como v\u00e3o fazer para ficarem juntos. A not\u00edcia do romance chega \u00e0s fam\u00edlias, que n\u00e3o gostam nada da hist\u00f3ria e tratam de afasta-los imediatamente, aprontando v\u00e1rias situa\u00e7\u00f5es. Romeu e Julieta querem acabar com essa hostilidade e tentam ir atr\u00e1s de uma solu\u00e7\u00e3o, mas ao descobrirem mais sobre a hist\u00f3ria de seus pais, percebem que pode ser imposs\u00edvel.<\/p>\n","protected":false},"excerpt":{"rendered":"<p>Resumo da novela \u201cA Inf\u00e2ncia de Romeu e Julieta\u201d em 15\/12: no cap\u00edtulo 160(*) da novela, T\u00e9o descobre que o suposto pai biol\u00f3gico vai dar uma palestra em um hotel e vai at\u00e9 o local. Fred apresenta o novo aplicativo do CEC. Bernardo \u00e9 contra o projeto, mas Leandro aprova. Bass\u00e2nio v\u00ea Vitor conversando com [&hellip;]<\/p>\n","protected":false},"author":5,"featured_media":232241,"comment_status":"closed","ping_status":"closed","sticky":false,"template":"","format":"standard","meta":{"tdm_status":"","tdm_grid_status":"","footnotes":""},"categories":[2306,379,2025,372,343],"tags":[441],"class_list":{"0":"post-240509","1":"post","2":"type-post","3":"status-publish","4":"format-standard","5":"has-post-thumbnail","7":"category-novela-romeu-e-julieta","8":"category-novelas","9":"category-resumo","10":"category-sbt","11":"category-televisao","12":"tag-resumo-do-dia"},"_links":{"self":[{"href":"https:\/\/migracao.redenoticia.com.br\/noticia\/wp-json\/wp\/v2\/posts\/240509","targetHints":{"allow":["GET"]}}],"collection":[{"href":"https:\/\/migracao.redenoticia.com.br\/noticia\/wp-json\/wp\/v2\/posts"}],"about":[{"href":"https:\/\/migracao.redenoticia.com.br\/noticia\/wp-json\/wp\/v2\/types\/post"}],"author":[{"embeddable":true,"href":"https:\/\/migracao.redenoticia.com.br\/noticia\/wp-json\/wp\/v2\/users\/5"}],"replies":[{"embeddable":true,"href":"https:\/\/migracao.redenoticia.com.br\/noticia\/wp-json\/wp\/v2\/comments?post=240509"}],"version-history":[{"count":0,"href":"https:\/\/migracao.redenoticia.com.br\/noticia\/wp-json\/wp\/v2\/posts\/240509\/revisions"}],"wp:featuredmedia":[{"embeddable":true,"href":"https:\/\/migracao.redenoticia.com.br\/noticia\/wp-json\/wp\/v2\/media\/232241"}],"wp:attachment":[{"href":"https:\/\/migracao.redenoticia.com.br\/noticia\/wp-json\/wp\/v2\/media?parent=240509"}],"wp:term":[{"taxonomy":"category","embeddable":true,"href":"https:\/\/migracao.redenoticia.com.br\/noticia\/wp-json\/wp\/v2\/categories?post=240509"},{"taxonomy":"post_tag","embeddable":true,"href":"https:\/\/migracao.redenoticia.com.br\/noticia\/wp-json\/wp\/v2\/tags?post=240509"}],"curies":[{"name":"wp","href":"https:\/\/api.w.org\/{rel}","templated":true}]}}