{"id":240554,"date":"2023-12-15T20:06:28","date_gmt":"2023-12-15T23:06:28","guid":{"rendered":"https:\/\/www.redenoticia.com.br\/noticia\/?p=240554"},"modified":"2023-12-15T20:06:28","modified_gmt":"2023-12-15T23:06:28","slug":"resumo-um-refugio-para-o-amor-18-12-luciana-revela-a-rodrigo-que-mateo-e-seu-filho","status":"publish","type":"post","link":"https:\/\/migracao.redenoticia.com.br\/noticia\/2023\/resumo-um-refugio-para-o-amor-18-12-luciana-revela-a-rodrigo-que-mateo-e-seu-filho\/240554","title":{"rendered":"Resumo \u201cUm Ref\u00fagio para o Amor\u201d 18\/12: Luciana revela a Rodrigo que Mateo \u00e9 seu filho"},"content":{"rendered":"<p> <img loading=\"lazy\" decoding=\"async\" src=\"https:\/\/migracao.redenoticia.com.br\/noticia\/imagens\/um-refugio-para-o-amor-novela-resumo-sbt.jpg.jpg\" alt=\"\" width=\"1280\" height=\"720\" class=\"aligncenter size-full wp-image-233922\" srcset=\"https:\/\/migracao.redenoticia.com.br\/noticia\/imagens\/um-refugio-para-o-amor-novela-resumo-sbt.jpg.jpg 1280w, https:\/\/migracao.redenoticia.com.br\/noticia\/imagens\/um-refugio-para-o-amor-novela-resumo-sbt.jpg-250x140.jpg 250w, https:\/\/migracao.redenoticia.com.br\/noticia\/imagens\/um-refugio-para-o-amor-novela-resumo-sbt.jpg-400x225.jpg 400w, https:\/\/migracao.redenoticia.com.br\/noticia\/imagens\/um-refugio-para-o-amor-novela-resumo-sbt.jpg-768x432.jpg 768w, https:\/\/migracao.redenoticia.com.br\/noticia\/imagens\/um-refugio-para-o-amor-novela-resumo-sbt.jpg-150x84.jpg 150w\" sizes=\"auto, (max-width: 1280px) 100vw, 1280px\" \/> <\/p>\n<p><strong><em>Resumo da novela \u201cUm Ref\u00fagio para o Amor\u201d<\/em><\/strong> em 18\/12: no cap\u00edtulo 126(*) da novela, Roselena confessa a Luciana que foi ela quem roubou o filho. Rodrigo e Luciana exigem que Roselena conte onde est\u00e1 o filho e ela revela que Clara foi sua c\u00famplice. Patricio sai \u00e0 procura de Don Chelo e descobre que o menino \u00e9 seu sobrinho. Luciana revela a Rodrigo que Mateo \u00e9 seu filho.<\/p>\n<p>Patricio passa por mais uma opera\u00e7\u00e3o com o objetivo de recuperar a sua capacidade de andar. Infelizmente, durante o procedimento cir\u00fargico, uma complica\u00e7\u00e3o inesperada ocorre, resultando em seu falecimento. Em um desenrolar surpreendente de eventos, Clara se depara com a descoberta de um tumor no c\u00e9rebro, um diagn\u00f3stico assustador que abala profundamente sua vida. Por sua vez, Julieta enfrenta a amarga experi\u00eancia de perder uma das suas pernas, um golpe que a leva a um estado de desafios f\u00edsicos e emocionais consider\u00e1veis. Ambas, Clara e Julieta, enfrentam dificuldades financeiras extremas, levando-as \u00e0 beira da fal\u00eancia.<\/p>\n<p>Enquanto isso, em meio a todas essas tribula\u00e7\u00f5es, Luciana e Rodrigo decidem unir suas vidas novamente em um matrim\u00f4nio que \u00e9 marcado por um ritual significativo. Esse ritual \u00e9 realizado no topo de uma majestosa montanha, simbolizando a jornada \u00edngreme e desafiadora que eles percorreram at\u00e9 este ponto. Nesse cen\u00e1rio extraordin\u00e1rio, eles trocam votos renovados de amor e compromisso, selando assim uma nova etapa de suas vidas juntos. <\/p>\n<p>(*) edi\u00e7\u00e3o das novelas do SBT, \u201cUm Ref\u00fagio para o Amor\u201d, sujeito a altera\u00e7\u00e3o de data e conte\u00fado.<\/p>\n<p>Sinopse \u201cUm Ref\u00fagio para o Amor\u201d: Uma hist\u00f3ria de amor entre uma jovem linda, humilde, simples e trabalhadora que gera admira\u00e7\u00e3o entre os homens e inveja entre as mulheres, e que \u00e9 obrigada a fugir de sua cidade, para a capital, encontrando o amor em um homem rico, bonito, de classe, arrogante, amante de esportes radicais e com fama de conquistador, mas que \u00e9 generoso e atencioso. Eles ter\u00e3o que passar por muitas dificuldades para ficarem juntos.<\/p>\n<p>Estrelado por Zuria Vega e Gabriel Soto com um elenco de primeira classe, incluindo Jessica Coch, Roberto Bland\u00f3n, Laura Flores, Jos\u00e9 Carlos Ruiz, entre outros. Um ref\u00fagio para o amor \u00e9 uma novela mexicana produzida por Ignacio Sada Madero, originalmente por Delia Fiallo e adaptada por Georgina Tinoco. <\/p>\n","protected":false},"excerpt":{"rendered":"<p>Resumo da novela \u201cUm Ref\u00fagio para o Amor\u201d em 18\/12: no cap\u00edtulo 126(*) da novela, Roselena confessa a Luciana que foi ela quem roubou o filho. Rodrigo e Luciana exigem que Roselena conte onde est\u00e1 o filho e ela revela que Clara foi sua c\u00famplice. Patricio sai \u00e0 procura de Don Chelo e descobre que [&hellip;]<\/p>\n","protected":false},"author":2,"featured_media":233921,"comment_status":"closed","ping_status":"closed","sticky":false,"template":"","format":"standard","meta":{"tdm_status":"","tdm_grid_status":"","footnotes":""},"categories":[379,2025,372,343,2310],"tags":[441],"class_list":{"0":"post-240554","1":"post","2":"type-post","3":"status-publish","4":"format-standard","5":"has-post-thumbnail","7":"category-novelas","8":"category-resumo","9":"category-sbt","10":"category-televisao","11":"category-um-refugio-para-o-amor","12":"tag-resumo-do-dia"},"_links":{"self":[{"href":"https:\/\/migracao.redenoticia.com.br\/noticia\/wp-json\/wp\/v2\/posts\/240554","targetHints":{"allow":["GET"]}}],"collection":[{"href":"https:\/\/migracao.redenoticia.com.br\/noticia\/wp-json\/wp\/v2\/posts"}],"about":[{"href":"https:\/\/migracao.redenoticia.com.br\/noticia\/wp-json\/wp\/v2\/types\/post"}],"author":[{"embeddable":true,"href":"https:\/\/migracao.redenoticia.com.br\/noticia\/wp-json\/wp\/v2\/users\/2"}],"replies":[{"embeddable":true,"href":"https:\/\/migracao.redenoticia.com.br\/noticia\/wp-json\/wp\/v2\/comments?post=240554"}],"version-history":[{"count":0,"href":"https:\/\/migracao.redenoticia.com.br\/noticia\/wp-json\/wp\/v2\/posts\/240554\/revisions"}],"wp:featuredmedia":[{"embeddable":true,"href":"https:\/\/migracao.redenoticia.com.br\/noticia\/wp-json\/wp\/v2\/media\/233921"}],"wp:attachment":[{"href":"https:\/\/migracao.redenoticia.com.br\/noticia\/wp-json\/wp\/v2\/media?parent=240554"}],"wp:term":[{"taxonomy":"category","embeddable":true,"href":"https:\/\/migracao.redenoticia.com.br\/noticia\/wp-json\/wp\/v2\/categories?post=240554"},{"taxonomy":"post_tag","embeddable":true,"href":"https:\/\/migracao.redenoticia.com.br\/noticia\/wp-json\/wp\/v2\/tags?post=240554"}],"curies":[{"name":"wp","href":"https:\/\/api.w.org\/{rel}","templated":true}]}}