{"id":240587,"date":"2023-12-16T20:09:13","date_gmt":"2023-12-16T23:09:13","guid":{"rendered":"https:\/\/www.redenoticia.com.br\/noticia\/2023\/dia-de-sorte-resultado-do-concurso-850-sorteado-sabado-16-12-2023\/240587"},"modified":"2023-12-16T20:09:13","modified_gmt":"2023-12-16T23:09:13","slug":"dia-de-sorte-resultado-do-concurso-850-sorteado-sabado-16-12-2023","status":"publish","type":"post","link":"https:\/\/migracao.redenoticia.com.br\/noticia\/2023\/dia-de-sorte-resultado-do-concurso-850-sorteado-sabado-16-12-2023\/240587","title":{"rendered":"Dia de Sorte: Resultado do concurso 850 sorteado  S\u00e1bado 16\/12\/2023"},"content":{"rendered":"<p>Resultado do Dia de Sorte, concurso 850, realizado no  S\u00e1bado, dia 16\/12\/2023 no Espa\u00e7o da Sorte, na cidade de S\u00e3o Paulo.  O sorteio do Dia de Sorte 850 foi realizado h\u00e1 pouco, no Espa\u00e7o da Sorte, na cidade de S\u00e3o Paulo, e a Caixa ainda n\u00e3o divulgou a premia\u00e7\u00e3o. O pr\u00eamio previsto para o acertador do pr\u00eamio principal deste sorteio \u00e9 de R$ 3.000.000,00.<\/p>\n<p>Veja tamb\u00e9m: <\/p>\n<h2>N\u00fameros Sorteados Dia de Sorte 850<\/h2>\n<table style=\"margin-bottom: 10px;\">\n<tr>\n<td><span class=\"numberCircleDiaDeSorte\">09<\/span><\/td>\n<td><span class=\"numberCircleDiaDeSorte\">18<\/span><\/td>\n<td><span class=\"numberCircleDiaDeSorte\">20<\/span><\/td>\n<td><span class=\"numberCircleDiaDeSorte\">25<\/span><\/td>\n<td><span class=\"numberCircleDiaDeSorte\">26<\/span><\/td>\n<td><span class=\"numberCircleDiaDeSorte\">30<\/span><\/td>\n<td><span class=\"numberCircleDiaDeSorte\">31<\/span><\/td>\n<\/tr>\n<\/table>\n<div style =\"font-size: 1.3em;margin-bottom:20px;\">M\u00eas da Sorte: Agosto<\/div>\n<h2>Pr\u00f3ximo Sorteio da Dia de Sorte <\/h2>\n<p>O pr\u00f3ximo sorteio ser\u00e1 realizado Ter\u00e7a-feira 19\/12\/2023, . <\/p>\n<h3>\u00daltimos Resultados do Dia de Sorte<\/h3>\n<p><lu><\/p>\n<li><a href=\"https:\/\/migracao.redenoticia.com.br\/noticia\/2023\/dia-de-sorte-resultado-do-concurso-849-sorteado-quinta-feira-14-12-2023\/240535\">Dia de Sorte 849<\/a><\/li>\n<li><a href=\"https:\/\/migracao.redenoticia.com.br\/noticia\/2023\/dia-de-sorte-resultado-do-concurso-848-sorteado-terca-feira-12-12-2023\/240450\">Dia de Sorte 848<\/a><\/li>\n<li><a href=\"https:\/\/migracao.redenoticia.com.br\/noticia\/2023\/dia-de-sorte-resultado-do-concurso-847-sorteado-sabado-09-12-2023\/240362\">Dia de Sorte 847<\/a><\/li>\n<li><a href=\"https:\/\/migracao.redenoticia.com.br\/noticia\/2023\/dia-de-sorte-resultado-do-concurso-846-sorteado-quinta-feira-07-12-2023\/240289\">Dia de Sorte 846<\/a><\/li>\n<p><\/lu><\/p>\n<h2>Resumo do sorteio do Dia de Sorte 850<\/h2>\n<ul>\n<li>Dos n\u00fameros sorteados neste concurso da Dia de Sorte o que mais saiu nos \u00faltimos 12 meses foi o 20, sorteado 45 vezes.<\/li>\n<li>O que menos saiu foi o n\u00famero 30, sorteado apenas 28 vezes.<\/li>\n<li>Das 31 dezenas, a que est\u00e1 h\u00e1 mais tempo sem ser sorteada \u00e9 a 28 que n\u00e3o sai tem 60  dias.<\/li>\n<li>O maior valor pago neste per\u00edodo foi R$ 6.900.229,20 no concurso 815, sorteado em 26\/09\/2023.<\/li>\n<li>Nos \u00faltimos 12 meses foram realizados 156 sorteios e premiadas 41 pessoas que acertaram os 7 n\u00fameros da Dia de Sorte.<\/li>\n<li>Neste per\u00edodo o Dia de Sorte n\u00e3o teve acertadores em 122 oportunidades.<\/li>\n<\/ul>\n<\/ul>\n<h3>Hist\u00f3rico dos n\u00fameros sorteados neste concurso da Dia de Sorte<\/h3>\n<p>Nesta tabela voc\u00ea ir\u00e1 encontrar as seguintes informa\u00e7\u00f5es relativas aos sorteios da Dia de Sorte dos \u00faltimos 12 meses:<br \/>A quantidade de vezes que o n\u00famero foi sorteado na Dia de Sorte,<br \/>A quantidade de sorteios que este n\u00famero saiu e o concurso teve ganhador,<br \/>A data do \u00faltimo sorteio na Dia de Sorte desta dezena.<\/p>\n<table>\n<tr>\n<th>Dezena<\/th>\n<th>Total<\/th>\n<th>Premiada<\/th>\n<th>Data<\/th>\n<\/tr>\n<tr>\n<td>09<\/td>\n<td>32<\/td>\n<td>4<\/td>\n<td>14\/11\/2023<\/td>\n<\/tr>\n<tr>\n<td>18<\/td>\n<td>43<\/td>\n<td>9<\/td>\n<td>09\/12\/2023<\/td>\n<\/tr>\n<tr>\n<td>20<\/td>\n<td>45<\/td>\n<td>7<\/td>\n<td>09\/12\/2023<\/td>\n<\/tr>\n<tr>\n<td>25<\/td>\n<td>34<\/td>\n<td>9<\/td>\n<td>07\/12\/2023<\/td>\n<\/tr>\n<tr>\n<td>26<\/td>\n<td>33<\/td>\n<td>5<\/td>\n<td>09\/12\/2023<\/td>\n<\/tr>\n<tr>\n<td>30<\/td>\n<td>28<\/td>\n<td>5<\/td>\n<td>16\/11\/2023<\/td>\n<\/tr>\n<tr>\n<td>31<\/td>\n<td>42<\/td>\n<td>7<\/td>\n<td>09\/12\/2023<\/td>\n<\/tr>\n<\/table>\n<h3>Nota<\/h3>\n<p> A divulga\u00e7\u00e3o do resultado pela RedeNoticia.com.br foi cercada de todos os cuidados para informa-lo corretamente e com precis\u00e3o,<br \/>\n        entretanto o resultado oficial \u00e9 o divulgado no site da Caixa Econ\u00f4mica Federal e pelas casas lot\u00e9ricas.<\/p>\n","protected":false},"excerpt":{"rendered":"<p>Dia de Sorte 850 &#8211; Resultado, rateio e ganhadores do Dia de Sorte 850 sorteado em 16\/12\/2023.<\/p>\n","protected":false},"author":5,"featured_media":196327,"comment_status":"","ping_status":"","sticky":false,"template":"","format":"standard","meta":{"tdm_status":"","tdm_grid_status":"","footnotes":""},"categories":[478,335],"tags":[],"class_list":{"0":"post-240587","1":"post","2":"type-post","3":"status-publish","4":"format-standard","5":"has-post-thumbnail","7":"category-dia-de-sorte","8":"category-loteria"},"_links":{"self":[{"href":"https:\/\/migracao.redenoticia.com.br\/noticia\/wp-json\/wp\/v2\/posts\/240587","targetHints":{"allow":["GET"]}}],"collection":[{"href":"https:\/\/migracao.redenoticia.com.br\/noticia\/wp-json\/wp\/v2\/posts"}],"about":[{"href":"https:\/\/migracao.redenoticia.com.br\/noticia\/wp-json\/wp\/v2\/types\/post"}],"author":[{"embeddable":true,"href":"https:\/\/migracao.redenoticia.com.br\/noticia\/wp-json\/wp\/v2\/users\/5"}],"replies":[{"embeddable":true,"href":"https:\/\/migracao.redenoticia.com.br\/noticia\/wp-json\/wp\/v2\/comments?post=240587"}],"version-history":[{"count":0,"href":"https:\/\/migracao.redenoticia.com.br\/noticia\/wp-json\/wp\/v2\/posts\/240587\/revisions"}],"wp:featuredmedia":[{"embeddable":true,"href":"https:\/\/migracao.redenoticia.com.br\/noticia\/wp-json\/wp\/v2\/media\/196327"}],"wp:attachment":[{"href":"https:\/\/migracao.redenoticia.com.br\/noticia\/wp-json\/wp\/v2\/media?parent=240587"}],"wp:term":[{"taxonomy":"category","embeddable":true,"href":"https:\/\/migracao.redenoticia.com.br\/noticia\/wp-json\/wp\/v2\/categories?post=240587"},{"taxonomy":"post_tag","embeddable":true,"href":"https:\/\/migracao.redenoticia.com.br\/noticia\/wp-json\/wp\/v2\/tags?post=240587"}],"curies":[{"name":"wp","href":"https:\/\/api.w.org\/{rel}","templated":true}]}}