{"id":240606,"date":"2023-12-18T17:39:42","date_gmt":"2023-12-18T20:39:42","guid":{"rendered":"https:\/\/www.redenoticia.com.br\/noticia\/?p=240606"},"modified":"2023-12-18T17:39:42","modified_gmt":"2023-12-18T20:39:42","slug":"resumo-sera-isso-amor-19-12-eda-leva-kiraz-na-casa-de-serkan","status":"publish","type":"post","link":"https:\/\/migracao.redenoticia.com.br\/noticia\/2023\/resumo-sera-isso-amor-19-12-eda-leva-kiraz-na-casa-de-serkan\/240606","title":{"rendered":"Resumo \u201cSer\u00e1 Isso Amor?\u201d 19\/12: Eda leva Kiraz na casa de Serkan"},"content":{"rendered":"<p> <img loading=\"lazy\" decoding=\"async\" class=\"aligncenter size-full wp-image-235988\" src=\"https:\/\/migracao.redenoticia.com.br\/noticia\/imagens\/novela-sera-isso-amor-tnt-resumo-elenco.jpg\" alt=\"\" width=\"1280\" height=\"720\" srcset=\"https:\/\/migracao.redenoticia.com.br\/noticia\/imagens\/novela-sera-isso-amor-tnt-resumo-elenco.jpg 1280w, https:\/\/migracao.redenoticia.com.br\/noticia\/imagens\/novela-sera-isso-amor-tnt-resumo-elenco-250x140.jpg 250w, https:\/\/migracao.redenoticia.com.br\/noticia\/imagens\/novela-sera-isso-amor-tnt-resumo-elenco-400x225.jpg 400w, https:\/\/migracao.redenoticia.com.br\/noticia\/imagens\/novela-sera-isso-amor-tnt-resumo-elenco-768x432.jpg 768w, https:\/\/migracao.redenoticia.com.br\/noticia\/imagens\/novela-sera-isso-amor-tnt-resumo-elenco-150x84.jpg 150w\" sizes=\"auto, (max-width: 1280px) 100vw, 1280px\" \/><\/p>\n<p><strong><em>Resumo da novela \u201cSer\u00e1 Isso Amor?\u201d<\/em><\/strong> em 19\/12: no cap\u00edtulo 127(*) da novela, Burak liga para Eda e a faz falar com Kiraz. Quando Eda diz \u00e0 pessoa ao telefone que sente falta dela, Serkan pensa que Eda est\u00e1 dizendo isso a um homem. Eles discutem novamente. Finalmente, Eda diz a Serkan que quem ligou era Burak e que ela estava conversando com Kiraz. Eda deixa cair de sua carteira o aparelho de tocar guitarra que Serkan lhe deu anos atr\u00e1s. Serkan percebe que a mulher n\u00e3o o esqueceu. Quando Serkan e Eda se enfrentam, os dois se beijam pela primeira vez em anos.<\/p>\n<p>Serkan beijou Eda, que tentava entender se ela ainda estava apaixonada por ele, e ent\u00e3o a mulher o beijou. Eda ent\u00e3o vai embora. Ela tenta entender se o homem quer ser pai ou n\u00e3o. Se ele mudou de ideia, considerar\u00e1 contar a ele sobre a exist\u00eancia de Kiraz. &#8230; Ayfer e Melek decidem perguntar a Eda pela carta de Serkan. Piril pede desculpas a Engin e Aydan finalmente decide falar com Serkan sobre sua decis\u00e3o. &#8230; Serkan decide ter uma conversa s\u00e9ria com Eda. Enquanto isso, Kiraz e Serkan est\u00e3o cada vez mais pr\u00f3ximos.<\/p>\n<p>Eda pensa que a prioridade de Serkan ainda \u00e9 seu trabalho, mas Serkan tenta provar a Eda que n\u00e3o \u00e9 esse o caso. Eventualmente, os dois acabam trabalhando na casa de Serkan. Eda levou Kiraz para l\u00e1 com ela; Ela tenta observar a atitude de Serkan em rela\u00e7\u00e3o \u00e0 menina e tem a impress\u00e3o de que ele n\u00e3o est\u00e1 interessado na crian\u00e7a.<\/p>\n<p>(*) edi\u00e7\u00e3o das novelas da TNT\/HBO, \u201cSer\u00e1 Isso Amor?\u201d, sujeito a altera\u00e7\u00e3o de data e conte\u00fado.<\/p>\n<p>Sinopse &#8220;Ser\u00e1 Isso Amor?&#8221;: (Primeira Temporada) Eda n\u00e3o consegue concluir sua gradua\u00e7\u00e3o na faculdade de arquitetura paisag\u00edstica por causa de Serkan Bolat. Serkan tem uma ex-namorada, Selin, que ficou noiva recentemente ap\u00f3s o rompimento. Para recuper\u00e1-la, Serkan oferece a Eda um contrato segundo o qual ela deve fingir ser sua noiva por dois meses. Ela aceita a oferta e n\u00e3o demora para surgir algo entre eles. <\/p>\n<p>(Segunda Temporada) Serkan e Eda passam por momentos dif\u00edceis durante o tratamento de c\u00e2ncer dele, que fica obcecado com sua doen\u00e7a e que vira um homem completamente diferente ap\u00f3s sobreviver. Serkan volta a se concentrar apenas em seu trabalho, que aos poucos o afasta de Eda. Mais tarde, ela vai para a It\u00e1lia para concluir seus estudos, enquanto Serkan continua com sua vida. Mas quando eles finalmente se reencontram ap\u00f3s 5 longos anos, a vida tem uma surpresa para ambos.<\/p>\n","protected":false},"excerpt":{"rendered":"<p>Resumo da novela \u201cSer\u00e1 Isso Amor?\u201d em 19\/12: no cap\u00edtulo 127(*) da novela, Burak liga para Eda e a faz falar com Kiraz. Quando Eda diz \u00e0 pessoa ao telefone que sente falta dela, Serkan pensa que Eda est\u00e1 dizendo isso a um homem. Eles discutem novamente. Finalmente, Eda diz a Serkan que quem ligou [&hellip;]<\/p>\n","protected":false},"author":3,"featured_media":235990,"comment_status":"closed","ping_status":"closed","sticky":false,"template":"","format":"standard","meta":{"tdm_status":"","tdm_grid_status":"","footnotes":""},"categories":[379,2025,2316,343,2315],"tags":[441],"class_list":{"0":"post-240606","1":"post","2":"type-post","3":"status-publish","4":"format-standard","5":"has-post-thumbnail","7":"category-novelas","8":"category-resumo","9":"category-sera-isso-amor","10":"category-televisao","11":"category-tnt","12":"tag-resumo-do-dia"},"_links":{"self":[{"href":"https:\/\/migracao.redenoticia.com.br\/noticia\/wp-json\/wp\/v2\/posts\/240606","targetHints":{"allow":["GET"]}}],"collection":[{"href":"https:\/\/migracao.redenoticia.com.br\/noticia\/wp-json\/wp\/v2\/posts"}],"about":[{"href":"https:\/\/migracao.redenoticia.com.br\/noticia\/wp-json\/wp\/v2\/types\/post"}],"author":[{"embeddable":true,"href":"https:\/\/migracao.redenoticia.com.br\/noticia\/wp-json\/wp\/v2\/users\/3"}],"replies":[{"embeddable":true,"href":"https:\/\/migracao.redenoticia.com.br\/noticia\/wp-json\/wp\/v2\/comments?post=240606"}],"version-history":[{"count":0,"href":"https:\/\/migracao.redenoticia.com.br\/noticia\/wp-json\/wp\/v2\/posts\/240606\/revisions"}],"wp:featuredmedia":[{"embeddable":true,"href":"https:\/\/migracao.redenoticia.com.br\/noticia\/wp-json\/wp\/v2\/media\/235990"}],"wp:attachment":[{"href":"https:\/\/migracao.redenoticia.com.br\/noticia\/wp-json\/wp\/v2\/media?parent=240606"}],"wp:term":[{"taxonomy":"category","embeddable":true,"href":"https:\/\/migracao.redenoticia.com.br\/noticia\/wp-json\/wp\/v2\/categories?post=240606"},{"taxonomy":"post_tag","embeddable":true,"href":"https:\/\/migracao.redenoticia.com.br\/noticia\/wp-json\/wp\/v2\/tags?post=240606"}],"curies":[{"name":"wp","href":"https:\/\/api.w.org\/{rel}","templated":true}]}}