{"id":240610,"date":"2023-12-18T17:51:59","date_gmt":"2023-12-18T20:51:59","guid":{"rendered":"https:\/\/www.redenoticia.com.br\/noticia\/?p=240610"},"modified":"2023-12-18T17:51:59","modified_gmt":"2023-12-18T20:51:59","slug":"resumo-paraiso-tropical-19-12-ana-luisa-descobre-que-antenor-viajou-para-cancun","status":"publish","type":"post","link":"https:\/\/migracao.redenoticia.com.br\/noticia\/2023\/resumo-paraiso-tropical-19-12-ana-luisa-descobre-que-antenor-viajou-para-cancun\/240610","title":{"rendered":"Resumo &#8220;Para\u00edso Tropical&#8221; 19\/12: Ana Lu\u00edsa descobre que Antenor viajou para Cancun"},"content":{"rendered":"<p> <img loading=\"lazy\" decoding=\"async\" src=\"https:\/\/migracao.redenoticia.com.br\/noticia\/imagens\/paraiso-tropical-resumo-elenco.jpg\" alt=\"\" width=\"1280\" height=\"720\" class=\"aligncenter size-full wp-image-240065\" srcset=\"https:\/\/migracao.redenoticia.com.br\/noticia\/imagens\/paraiso-tropical-resumo-elenco.jpg 1280w, https:\/\/migracao.redenoticia.com.br\/noticia\/imagens\/paraiso-tropical-resumo-elenco-250x140.jpg 250w, https:\/\/migracao.redenoticia.com.br\/noticia\/imagens\/paraiso-tropical-resumo-elenco-400x225.jpg 400w, https:\/\/migracao.redenoticia.com.br\/noticia\/imagens\/paraiso-tropical-resumo-elenco-768x432.jpg 768w, https:\/\/migracao.redenoticia.com.br\/noticia\/imagens\/paraiso-tropical-resumo-elenco-150x85.jpg 150w\" sizes=\"auto, (max-width: 1280px) 100vw, 1280px\" \/> <\/p>\n<p><em><strong>Resumo da novela &#8220;Para\u00edso Tropical&#8221;<\/strong><\/em> em 19\/12: no cap\u00edtulo 017(*) da novela, Ta\u00eds prop\u00f5e se casar com Hugo. Hugo se entusiasma com a proposta de Ta\u00eds. Olavo exige que Ivan pe\u00e7a demiss\u00e3o, mas ele reage. Ana Lu\u00edsa insiste que Antenor n\u00e3o cancele a sua viagem de trabalho. Heitor pede aos funcion\u00e1rios para recolherem as garrafas de u\u00edsque do frigobar. Antenor reclama com Ana Lu\u00edsa por encontrar Marion de novo em sua casa. Belis\u00e1rio pega um celular no vesti\u00e1rio masculino da academia de Virg\u00ednia para que ela ligue para Gilda. Ana Lu\u00edsa descobre que Antenor esqueceu de levar um folder de neg\u00f3cios para a Feira de Frankfurt e resolve ir ao aeroporto. <\/p>\n<p>Ta\u00eds comunica a Cleonice e Lucena que est\u00e1 gr\u00e1vida e que ela e Hugo v\u00e3o se casar. Daniel avisa a Raul que ele n\u00e3o ser\u00e1 aproveitado e promete ajud\u00e1-lo. Isidoro decide ir a Marapu\u00e3. Ana Lu\u00edsa descobre que Antenor viajou para Cancun e n\u00e3o para Frankfurt, como tinha dito. Fred agradece a Heitor por ter resolvido o problema, antes que ele chegasse \u00e0 diretoria. Fred v\u00ea Ivan tirar dinheiro da bolsa de Cleonice. C\u00e1ssio estranha ao ver Ta\u00eds com uma j\u00f3ia nova. Lucas conhece Ana Lu\u00edsa e se encanta.<\/p>\n<p>Ana Lu\u00edsa e Lucas v\u00eaem a exposi\u00e7\u00e3o juntos. Ta\u00eds diz que ganhou a j\u00f3ia de Hugo. Ana Lu\u00edsa fica encabulada com a investida de Lucas. Ana Lu\u00edsa descobre que nem existe a feira de tecnologia que Antenor disse que iria. Ana Lu\u00edsa toma um drinque com Lucas, mas decide voltar para casa. Cleonice diz a Olavo que foi roubada. Daniel demite Ivan, para al\u00edvio de Olavo. Ivan tem uma crise na recep\u00e7\u00e3o amea\u00e7ando bater nos h\u00f3spedes. Olavo humilha Gustavo por n\u00e3o estar no hotel na hora da confus\u00e3o. Isidoro rifa o rel\u00f3gio. <\/p>\n<p>Gustavo briga com Dinor\u00e1 que esqueceu de pegar as crian\u00e7as na escola e fez com que ele largasse o trabalho. Ana Lu\u00edsa vai ao consult\u00f3rio do psicanalista S\u00edlvio e chora. Lucena compra um apartamento para Hugo e Ta\u00eds. O motorista do t\u00e1xi d\u00e1 o endere\u00e7o de Ta\u00eds para Daniel. Paula encontra uma foto de Am\u00e9lia na praia com uma mo\u00e7a e uma de Isidoro com um beb\u00ea. Gilda reconhece Copacabana. Paula se anima por estar mais pr\u00f3xima de encontrar a fam\u00edlia.<\/p>\n<p>(*) edi\u00e7\u00e3o das novelas da Globo, &#8220;Para\u00edso Tropical&#8221;, sujeito a altera\u00e7\u00e3o de data e conte\u00fado.<\/p>\n<p>Sinopse &#8220;Para\u00edso Tropical&#8221;: Olavo manda Bebel se encontrar com Paula no aeroporto, fingindo estar indo para a Amaz\u00f4nia trabalhar como recepcionista em um hotel em Manaus. Paula recebe uma liga\u00e7\u00e3o de Daniel, que a ofende por ser a filha de Am\u00e9lia, mas isso n\u00e3o passa de outra armadilha do plano de Olavo, que grampeou o celular de Daniel e editou trechos para formular a ofensa. Decepcionada, Paula decide embarcar para a Amaz\u00f4nia. <\/p>\n<p>Daniel volta para o Rio de Janeiro sem nunca ter entendido o sumi\u00e7o repentino de Paula, que tamb\u00e9m vai ao Rio em busca do seu passado e do seu av\u00f4 biol\u00f3gico. Nas ruas da cidade, Daniel encontra Paula por acaso e ela o trata de maneira r\u00edspida e grosseira. Entretanto, a mo\u00e7a trata-se de Ta\u00eds, mulher sensual, inteligente e ego\u00edsta, irm\u00e3 g\u00eamea de Paula. <\/p>\n","protected":false},"excerpt":{"rendered":"<p>Resumo da novela &#8220;Para\u00edso Tropical&#8221; em 19\/12: no cap\u00edtulo 017(*) da novela, Ta\u00eds prop\u00f5e se casar com Hugo. Hugo se entusiasma com a proposta de Ta\u00eds. Olavo exige que Ivan pe\u00e7a demiss\u00e3o, mas ele reage. Ana Lu\u00edsa insiste que Antenor n\u00e3o cancele a sua viagem de trabalho. Heitor pede aos funcion\u00e1rios para recolherem as garrafas [&hellip;]<\/p>\n","protected":false},"author":5,"featured_media":240064,"comment_status":"closed","ping_status":"closed","sticky":false,"template":"","format":"standard","meta":{"tdm_status":"","tdm_grid_status":"","footnotes":""},"categories":[379,2322,375,2025,343],"tags":[441],"class_list":{"0":"post-240610","1":"post","2":"type-post","3":"status-publish","4":"format-standard","5":"has-post-thumbnail","7":"category-novelas","8":"category-paraiso-tropical","9":"category-rede-globo","10":"category-resumo","11":"category-televisao","12":"tag-resumo-do-dia"},"_links":{"self":[{"href":"https:\/\/migracao.redenoticia.com.br\/noticia\/wp-json\/wp\/v2\/posts\/240610","targetHints":{"allow":["GET"]}}],"collection":[{"href":"https:\/\/migracao.redenoticia.com.br\/noticia\/wp-json\/wp\/v2\/posts"}],"about":[{"href":"https:\/\/migracao.redenoticia.com.br\/noticia\/wp-json\/wp\/v2\/types\/post"}],"author":[{"embeddable":true,"href":"https:\/\/migracao.redenoticia.com.br\/noticia\/wp-json\/wp\/v2\/users\/5"}],"replies":[{"embeddable":true,"href":"https:\/\/migracao.redenoticia.com.br\/noticia\/wp-json\/wp\/v2\/comments?post=240610"}],"version-history":[{"count":0,"href":"https:\/\/migracao.redenoticia.com.br\/noticia\/wp-json\/wp\/v2\/posts\/240610\/revisions"}],"wp:featuredmedia":[{"embeddable":true,"href":"https:\/\/migracao.redenoticia.com.br\/noticia\/wp-json\/wp\/v2\/media\/240064"}],"wp:attachment":[{"href":"https:\/\/migracao.redenoticia.com.br\/noticia\/wp-json\/wp\/v2\/media?parent=240610"}],"wp:term":[{"taxonomy":"category","embeddable":true,"href":"https:\/\/migracao.redenoticia.com.br\/noticia\/wp-json\/wp\/v2\/categories?post=240610"},{"taxonomy":"post_tag","embeddable":true,"href":"https:\/\/migracao.redenoticia.com.br\/noticia\/wp-json\/wp\/v2\/tags?post=240610"}],"curies":[{"name":"wp","href":"https:\/\/api.w.org\/{rel}","templated":true}]}}