{"id":240767,"date":"2023-12-25T15:13:45","date_gmt":"2023-12-25T18:13:45","guid":{"rendered":"https:\/\/www.redenoticia.com.br\/noticia\/?p=240767"},"modified":"2023-12-25T15:13:45","modified_gmt":"2023-12-25T18:13:45","slug":"resumo-sera-isso-amor-26-12-serkan-diz-que-nao-esta-pronto-para-a-paternidade","status":"publish","type":"post","link":"https:\/\/migracao.redenoticia.com.br\/noticia\/2023\/resumo-sera-isso-amor-26-12-serkan-diz-que-nao-esta-pronto-para-a-paternidade\/240767","title":{"rendered":"Resumo \u201cSer\u00e1 Isso Amor?\u201d 26\/12: Serkan diz que n\u00e3o est\u00e1 pronto para a paternidade"},"content":{"rendered":"<p> <img loading=\"lazy\" decoding=\"async\" class=\"aligncenter size-full wp-image-235988\" src=\"https:\/\/migracao.redenoticia.com.br\/noticia\/imagens\/novela-sera-isso-amor-tnt-resumo-elenco.jpg\" alt=\"\" width=\"1280\" height=\"720\" srcset=\"https:\/\/migracao.redenoticia.com.br\/noticia\/imagens\/novela-sera-isso-amor-tnt-resumo-elenco.jpg 1280w, https:\/\/migracao.redenoticia.com.br\/noticia\/imagens\/novela-sera-isso-amor-tnt-resumo-elenco-250x140.jpg 250w, https:\/\/migracao.redenoticia.com.br\/noticia\/imagens\/novela-sera-isso-amor-tnt-resumo-elenco-400x225.jpg 400w, https:\/\/migracao.redenoticia.com.br\/noticia\/imagens\/novela-sera-isso-amor-tnt-resumo-elenco-768x432.jpg 768w, https:\/\/migracao.redenoticia.com.br\/noticia\/imagens\/novela-sera-isso-amor-tnt-resumo-elenco-150x84.jpg 150w\" sizes=\"auto, (max-width: 1280px) 100vw, 1280px\" \/><\/p>\n<p><strong><em>Resumo da novela \u201cSer\u00e1 Isso Amor?\u201d<\/em><\/strong> em 26\/12: no cap\u00edtulo 132(*) da novela, Serkan encontra os sapatos de Kiraz no porta-luvas de seu carro. A garota queria que ele a encontrasse como a Cinderela. Eda fica surpresa ao saber que Kiraz fez isso. Pelo que sua filha lhe contou, ela descobriu que elas realmente formaram um v\u00ednculo com Serkan e que o homem era muito pr\u00f3ximo e sincero com a garota. No momento em que Engin e Aydan est\u00e3o prestes a contar a verdade a Serkan, Eda chega e diz ao homem: &#8220;Eu sou a m\u00e3e de Kiraz. E voc\u00ea \u00e9 o pai dela.&#8221;  <\/p>\n<p>Quando Serkan vai at\u00e9 a casa de Eda para dissuad\u00ed-la, ela lhe conta a verdade sobre Kiraz. Enquanto isso, o \u00fanico objetivo de Aydan \u00e9 separar Kiraz e Eda. &#8230; Quando Eda Y?ld?z diz a Serkan Bolat que eles s\u00e3o os pais de Kiraz, o homem vai embora sem dizer uma palavra. Eda vai atr\u00e1s dele. Serkan combina suas conversas anteriores com as palavras de Eda e Kiraz e percebe que \u00e9 real. Eda encontra Serkan em casa e conta por que n\u00e3o contou sobre o parto. Depois, Serkan diz que o que ela fez foi certo, mas ele n\u00e3o est\u00e1 pronto para a paternidade. Ayfer, por outro lado, est\u00e1 irritada com o sobrinho que desistiu de ir. Ela tem certeza de que a fam\u00edlia Bolat ir\u00e1 atr\u00e1s de Kiraz. Na verdade, a Sra. Aydan quer tirar deles sua neta Kiraz.<\/p>\n<p>(*) edi\u00e7\u00e3o das novelas da TNT\/HBO, \u201cSer\u00e1 Isso Amor?\u201d, sujeito a altera\u00e7\u00e3o de data e conte\u00fado.<\/p>\n<p>Sinopse &#8220;Ser\u00e1 Isso Amor?&#8221;: (Primeira Temporada) Eda n\u00e3o consegue concluir sua gradua\u00e7\u00e3o na faculdade de arquitetura paisag\u00edstica por causa de Serkan Bolat. Serkan tem uma ex-namorada, Selin, que ficou noiva recentemente ap\u00f3s o rompimento. Para recuper\u00e1-la, Serkan oferece a Eda um contrato segundo o qual ela deve fingir ser sua noiva por dois meses. Ela aceita a oferta e n\u00e3o demora para surgir algo entre eles. <\/p>\n<p>(Segunda Temporada) Serkan e Eda passam por momentos dif\u00edceis durante o tratamento de c\u00e2ncer dele, que fica obcecado com sua doen\u00e7a e que vira um homem completamente diferente ap\u00f3s sobreviver. Serkan volta a se concentrar apenas em seu trabalho, que aos poucos o afasta de Eda. Mais tarde, ela vai para a It\u00e1lia para concluir seus estudos, enquanto Serkan continua com sua vida. Mas quando eles finalmente se reencontram ap\u00f3s 5 longos anos, a vida tem uma surpresa para ambos.<\/p>\n","protected":false},"excerpt":{"rendered":"<p>Resumo da novela \u201cSer\u00e1 Isso Amor?\u201d em 26\/12: no cap\u00edtulo 132(*) da novela, Serkan encontra os sapatos de Kiraz no porta-luvas de seu carro. A garota queria que ele a encontrasse como a Cinderela. Eda fica surpresa ao saber que Kiraz fez isso. Pelo que sua filha lhe contou, ela descobriu que elas realmente formaram [&hellip;]<\/p>\n","protected":false},"author":3,"featured_media":235990,"comment_status":"closed","ping_status":"closed","sticky":false,"template":"","format":"standard","meta":{"tdm_status":"","tdm_grid_status":"","footnotes":""},"categories":[379,2025,2316,343,2315],"tags":[441],"class_list":{"0":"post-240767","1":"post","2":"type-post","3":"status-publish","4":"format-standard","5":"has-post-thumbnail","7":"category-novelas","8":"category-resumo","9":"category-sera-isso-amor","10":"category-televisao","11":"category-tnt","12":"tag-resumo-do-dia"},"_links":{"self":[{"href":"https:\/\/migracao.redenoticia.com.br\/noticia\/wp-json\/wp\/v2\/posts\/240767","targetHints":{"allow":["GET"]}}],"collection":[{"href":"https:\/\/migracao.redenoticia.com.br\/noticia\/wp-json\/wp\/v2\/posts"}],"about":[{"href":"https:\/\/migracao.redenoticia.com.br\/noticia\/wp-json\/wp\/v2\/types\/post"}],"author":[{"embeddable":true,"href":"https:\/\/migracao.redenoticia.com.br\/noticia\/wp-json\/wp\/v2\/users\/3"}],"replies":[{"embeddable":true,"href":"https:\/\/migracao.redenoticia.com.br\/noticia\/wp-json\/wp\/v2\/comments?post=240767"}],"version-history":[{"count":0,"href":"https:\/\/migracao.redenoticia.com.br\/noticia\/wp-json\/wp\/v2\/posts\/240767\/revisions"}],"wp:featuredmedia":[{"embeddable":true,"href":"https:\/\/migracao.redenoticia.com.br\/noticia\/wp-json\/wp\/v2\/media\/235990"}],"wp:attachment":[{"href":"https:\/\/migracao.redenoticia.com.br\/noticia\/wp-json\/wp\/v2\/media?parent=240767"}],"wp:term":[{"taxonomy":"category","embeddable":true,"href":"https:\/\/migracao.redenoticia.com.br\/noticia\/wp-json\/wp\/v2\/categories?post=240767"},{"taxonomy":"post_tag","embeddable":true,"href":"https:\/\/migracao.redenoticia.com.br\/noticia\/wp-json\/wp\/v2\/tags?post=240767"}],"curies":[{"name":"wp","href":"https:\/\/api.w.org\/{rel}","templated":true}]}}