{"id":240864,"date":"2023-12-28T15:15:17","date_gmt":"2023-12-28T18:15:17","guid":{"rendered":"https:\/\/www.redenoticia.com.br\/noticia\/?p=240864"},"modified":"2023-12-28T19:04:50","modified_gmt":"2023-12-28T22:04:50","slug":"resumo-abismo-de-paixao-29-12-elisa-diz-a-damiao-que-aceita-se-associar-a-ele","status":"publish","type":"post","link":"https:\/\/migracao.redenoticia.com.br\/noticia\/2023\/resumo-abismo-de-paixao-29-12-elisa-diz-a-damiao-que-aceita-se-associar-a-ele\/240864","title":{"rendered":"Resumo \u201cAbismo de Paix\u00e3o\u201d 29\/12: Kenia confessa a Gael que Ingrid tamb\u00e9m \u00e9 sua m\u00e3e"},"content":{"rendered":"<p> <img loading=\"lazy\" decoding=\"async\" src=\"https:\/\/migracao.redenoticia.com.br\/noticia\/imagens\/abismo-de-paixao-novela-resumo.jpg\" alt=\"\" width=\"1280\" height=\"720\" class=\"aligncenter size-full wp-image-240071\" srcset=\"https:\/\/migracao.redenoticia.com.br\/noticia\/imagens\/abismo-de-paixao-novela-resumo.jpg 1280w, https:\/\/migracao.redenoticia.com.br\/noticia\/imagens\/abismo-de-paixao-novela-resumo-250x140.jpg 250w, https:\/\/migracao.redenoticia.com.br\/noticia\/imagens\/abismo-de-paixao-novela-resumo-400x225.jpg 400w, https:\/\/migracao.redenoticia.com.br\/noticia\/imagens\/abismo-de-paixao-novela-resumo-768x432.jpg 768w, https:\/\/migracao.redenoticia.com.br\/noticia\/imagens\/abismo-de-paixao-novela-resumo-150x85.jpg 150w\" sizes=\"auto, (max-width: 1280px) 100vw, 1280px\" \/> <\/p>\n<p><strong><em>Resumo da novela \u201cAbismo de Paix\u00e3o\u201d<\/em><\/strong> em 29\/12: no cap\u00edtulo 037(*) da novela, Flor\u00eancia se nega a responder as liga\u00e7\u00f5es de Henrique. Guido a diz que enquanto ela se negar a atender, Henrique continuar\u00e1 a ligar. Flor\u00eancia diz a Guido que Henrique \u00e9 o culpado por Dami\u00e3o ter terminado com ela. Guido responde que a \u00fanica culpada \u00e9 ela mesma. Sabrina diz a Henrique que n\u00e3o entende como ele pode seguir interessado em Flor\u00eancia, j\u00e1 que ela j\u00e1 deu todos os sinais que n\u00e3o quer nada com ele. Gael diz a Kenia que se esque\u00e7a das terras de Elisa, e que ele quer lhe propor um neg\u00f3cio. Ramiro presenteia Ingrid com um colar que pertenceu a Estef\u00e2nia. Gael diz ao Padre Lupe que o agradece muito por tudo que ele fez e por t\u00ea-lo criado, mas que ir\u00e1 embora do povoado e n\u00e3o pensa em voltar jamais. <\/p>\n<p>Gael diz ao Padre Lupe que vai embora porque deseja a Elisa e Dami\u00e3o toda a felicidade do mundo, por\u00e9m ele n\u00e3o quer ficar ali para comprovar essa felicidade. Carmen questiona Elisa quanto ao motivo de sua felicidade, ao mesmo tempo em que Almerinda questiona Dami\u00e3o. Augusto diz a Carmen que ultimamente ela est\u00e1 muito estranha e indiferente. Ele a alerta que se ela fizer o mesmo que fez Estef\u00e2nia, vai mat\u00e1-la. Henrique visita seu pai, que o diz que n\u00e3o permitir\u00e1 que ele volte a insultar Paloma, pois ainda que sua m\u00e3e esteja falando o contr\u00e1rio, a mo\u00e7a n\u00e3o \u00e9 sua amante. <\/p>\n<p>Edmundo confessa que teve um caso fora do casamento, mas com outra mulher, que j\u00e1 n\u00e3o existe mais em sua vida. Henrique questiona o pai quanto a possibilidade de div\u00f3rcio, e ele afirma que ainda n\u00e3o sabe se isso vai ocorrer. Henrique diz ao pai que n\u00e3o tomar\u00e1 partido de ningu\u00e9m, pois tamb\u00e9m n\u00e3o quer zangar sua m\u00e3e. Ramona esbofeteia Paloma ao saber que ela mentiu e esteve a ponto de ficar com Gael. Kenia confessa a Gael que Ingrid tamb\u00e9m \u00e9 sua m\u00e3e, e assim eles s\u00e3o meio irm\u00e3os. Ela o diz que Ingrid \u00e9 m\u00e1 e fr\u00edvola, e que s\u00f3 se interessa pelo dinheiro. Augusto surpreende Carmen lendo uma carta de Paulo.50.<\/p>\n<p>(*) edi\u00e7\u00e3o das novelas do SBT, \u201cAbismo de Paix\u00e3o\u201d, sujeito a altera\u00e7\u00e3o de data e conte\u00fado.<\/p>\n<p>Sinopse \u201cAbismo de Paix\u00e3o\u201d: Almerinda, temendo a reaproxima\u00e7\u00e3o de Dami\u00e3o e Elisa, come\u00e7a a pressionar seu filho pra que ele se case o mais r\u00e1pido poss\u00edvel e retorne \u00e0 It\u00e1lia. Dami\u00e3o termina seu noivado com Flor\u00eancia assim que percebe que est\u00e1 apaixonado por Elisa e os dois planejam se casar escondido de suas fam\u00edlias. Augusto descobre o romance clandestino dos dois e n\u00e3o est\u00e1 disposto a aceitar o filho do amante de sua esposa como seu genro. <\/p>\n<p>Ele amea\u00e7a Elisa de matar Dami\u00e3o caso eles continuem juntos e Elisa decide se sacrificar pela vida de seu amado e termina sua rela\u00e7\u00e3o; e para que Dami\u00e3o pare de insistir, se d\u00e1 uma oportunidade com Gael, que confessou que sempre esteve apaixonado por ela. Essa decis\u00e3o al\u00e9m de abalar a amizade entre Dami\u00e3o e Gael, tamb\u00e9m abala a amizade entre Paloma e Elisa, j\u00e1 que Paloma sempre esteve apaixonada por Gael.<\/p>\n","protected":false},"excerpt":{"rendered":"<p>Resumo da novela \u201cAbismo de Paix\u00e3o\u201d em 29\/12: no cap\u00edtulo 037(*) da novela, Flor\u00eancia se nega a responder as liga\u00e7\u00f5es de Henrique. Guido a diz que enquanto ela se negar a atender, Henrique continuar\u00e1 a ligar. Flor\u00eancia diz a Guido que Henrique \u00e9 o culpado por Dami\u00e3o ter terminado com ela. Guido responde que a [&hellip;]<\/p>\n","protected":false},"author":5,"featured_media":240070,"comment_status":"closed","ping_status":"closed","sticky":false,"template":"","format":"standard","meta":{"tdm_status":"","tdm_grid_status":"","footnotes":""},"categories":[2321,379,2025,372,343],"tags":[441],"class_list":{"0":"post-240864","1":"post","2":"type-post","3":"status-publish","4":"format-standard","5":"has-post-thumbnail","7":"category-abismo-de-paixao","8":"category-novelas","9":"category-resumo","10":"category-sbt","11":"category-televisao","12":"tag-resumo-do-dia"},"_links":{"self":[{"href":"https:\/\/migracao.redenoticia.com.br\/noticia\/wp-json\/wp\/v2\/posts\/240864","targetHints":{"allow":["GET"]}}],"collection":[{"href":"https:\/\/migracao.redenoticia.com.br\/noticia\/wp-json\/wp\/v2\/posts"}],"about":[{"href":"https:\/\/migracao.redenoticia.com.br\/noticia\/wp-json\/wp\/v2\/types\/post"}],"author":[{"embeddable":true,"href":"https:\/\/migracao.redenoticia.com.br\/noticia\/wp-json\/wp\/v2\/users\/5"}],"replies":[{"embeddable":true,"href":"https:\/\/migracao.redenoticia.com.br\/noticia\/wp-json\/wp\/v2\/comments?post=240864"}],"version-history":[{"count":0,"href":"https:\/\/migracao.redenoticia.com.br\/noticia\/wp-json\/wp\/v2\/posts\/240864\/revisions"}],"wp:featuredmedia":[{"embeddable":true,"href":"https:\/\/migracao.redenoticia.com.br\/noticia\/wp-json\/wp\/v2\/media\/240070"}],"wp:attachment":[{"href":"https:\/\/migracao.redenoticia.com.br\/noticia\/wp-json\/wp\/v2\/media?parent=240864"}],"wp:term":[{"taxonomy":"category","embeddable":true,"href":"https:\/\/migracao.redenoticia.com.br\/noticia\/wp-json\/wp\/v2\/categories?post=240864"},{"taxonomy":"post_tag","embeddable":true,"href":"https:\/\/migracao.redenoticia.com.br\/noticia\/wp-json\/wp\/v2\/tags?post=240864"}],"curies":[{"name":"wp","href":"https:\/\/api.w.org\/{rel}","templated":true}]}}