{"id":240916,"date":"2024-01-01T11:13:10","date_gmt":"2024-01-01T14:13:10","guid":{"rendered":"https:\/\/www.redenoticia.com.br\/noticia\/?p=240916"},"modified":"2024-01-01T14:20:39","modified_gmt":"2024-01-01T17:20:39","slug":"resumo-abismo-de-paixao-01-01-augusto-reconhece-o-colar-de-ingrid","status":"publish","type":"post","link":"https:\/\/migracao.redenoticia.com.br\/noticia\/2024\/resumo-abismo-de-paixao-01-01-augusto-reconhece-o-colar-de-ingrid\/240916","title":{"rendered":"Resumo \u201cAbismo de Paix\u00e3o\u201d 02\/01: Augusto reconhece o colar de Ingrid"},"content":{"rendered":"<p> <img loading=\"lazy\" decoding=\"async\" src=\"https:\/\/migracao.redenoticia.com.br\/noticia\/imagens\/abismo-de-paixao-novela-resumo.jpg\" alt=\"\" width=\"1280\" height=\"720\" class=\"aligncenter size-full wp-image-240071\" srcset=\"https:\/\/migracao.redenoticia.com.br\/noticia\/imagens\/abismo-de-paixao-novela-resumo.jpg 1280w, https:\/\/migracao.redenoticia.com.br\/noticia\/imagens\/abismo-de-paixao-novela-resumo-250x140.jpg 250w, https:\/\/migracao.redenoticia.com.br\/noticia\/imagens\/abismo-de-paixao-novela-resumo-400x225.jpg 400w, https:\/\/migracao.redenoticia.com.br\/noticia\/imagens\/abismo-de-paixao-novela-resumo-768x432.jpg 768w, https:\/\/migracao.redenoticia.com.br\/noticia\/imagens\/abismo-de-paixao-novela-resumo-150x85.jpg 150w\" sizes=\"auto, (max-width: 1280px) 100vw, 1280px\" \/> <\/p>\n<p><strong><em>Resumo da novela \u201cAbismo de Paix\u00e3o\u201d<\/em><\/strong> em 02\/01: no cap\u00edtulo 038(*) da novela, Carmen questiona Augusto por ter chegado tarde em casa. Ele diz que estava com Edmundo, pois ele se separou de Bet\u00e2nia e precisava conversar com um amigo. Dolores diz a Dami\u00e3o que ele n\u00e3o merece que Elisa o ame, e que se n\u00e3o \u00e9 capaz de correspond\u00ea-la como merece, que v\u00e1 embora de uma vez por todas e a deixe em paz. Paloma descobre por Elisa que Gael ir\u00e1 embora para sempre do povoado. Gael pergunta a Ramiro se ele sabe algo de Ingrid. Ele responde que n\u00e3o. Ramiro questiona Gael quanto a Kenia, perguntando se eles s\u00e3o namorados. Gael responde que s\u00e3o como irm\u00e3os. <\/p>\n<p>Padre Lupe pergunta a Almerinda at\u00e9 quando ela seguir\u00e1 caluniando Elisa. Ela responde que at\u00e9 que ela se afaste de uma vez por todas de Dami\u00e3o. Padre Lupe diz a Almerinda que \u00e9 uma lastima que ela siga cheia de rancor, e que acabar\u00e1 ficando sozinha. Augusto reconhece em Ingrid o colar com que presenteou Estef\u00e2nia, e tenta tom\u00e1-lo. Ramiro diz a Ingrid que j\u00e1 sabe que Gael \u00e9 seu filho. Ela, surpresa, tenta negar, mas por fim acaba aceitando que isso \u00e9 verdade. Padre Lupe tenta convencer Gael a esclarecer as coisas entre Elisa e Dami\u00e3o. Gael responde que n\u00e3o o far\u00e1, pois Dami\u00e3o n\u00e3o a merece. Dami\u00e3o tenta falar com Elisa.<\/p>\n<p>(*) edi\u00e7\u00e3o das novelas do SBT, \u201cAbismo de Paix\u00e3o\u201d, sujeito a altera\u00e7\u00e3o de data e conte\u00fado.<\/p>\n<p>Sinopse \u201cAbismo de Paix\u00e3o\u201d: Almerinda, temendo a reaproxima\u00e7\u00e3o de Dami\u00e3o e Elisa, come\u00e7a a pressionar seu filho pra que ele se case o mais r\u00e1pido poss\u00edvel e retorne \u00e0 It\u00e1lia. Dami\u00e3o termina seu noivado com Flor\u00eancia assim que percebe que est\u00e1 apaixonado por Elisa e os dois planejam se casar escondido de suas fam\u00edlias. Augusto descobre o romance clandestino dos dois e n\u00e3o est\u00e1 disposto a aceitar o filho do amante de sua esposa como seu genro. <\/p>\n<p>Ele amea\u00e7a Elisa de matar Dami\u00e3o caso eles continuem juntos e Elisa decide se sacrificar pela vida de seu amado e termina sua rela\u00e7\u00e3o; e para que Dami\u00e3o pare de insistir, se d\u00e1 uma oportunidade com Gael, que confessou que sempre esteve apaixonado por ela. Essa decis\u00e3o al\u00e9m de abalar a amizade entre Dami\u00e3o e Gael, tamb\u00e9m abala a amizade entre Paloma e Elisa, j\u00e1 que Paloma sempre esteve apaixonada por Gael.<\/p>\n","protected":false},"excerpt":{"rendered":"<p>Resumo da novela \u201cAbismo de Paix\u00e3o\u201d em 02\/01: no cap\u00edtulo 038(*) da novela, Carmen questiona Augusto por ter chegado tarde em casa. Ele diz que estava com Edmundo, pois ele se separou de Bet\u00e2nia e precisava conversar com um amigo. Dolores diz a Dami\u00e3o que ele n\u00e3o merece que Elisa o ame, e que se [&hellip;]<\/p>\n","protected":false},"author":5,"featured_media":240070,"comment_status":"closed","ping_status":"closed","sticky":false,"template":"","format":"standard","meta":{"tdm_status":"","tdm_grid_status":"","footnotes":""},"categories":[2321,379,2025,372,343],"tags":[441],"class_list":{"0":"post-240916","1":"post","2":"type-post","3":"status-publish","4":"format-standard","5":"has-post-thumbnail","7":"category-abismo-de-paixao","8":"category-novelas","9":"category-resumo","10":"category-sbt","11":"category-televisao","12":"tag-resumo-do-dia"},"_links":{"self":[{"href":"https:\/\/migracao.redenoticia.com.br\/noticia\/wp-json\/wp\/v2\/posts\/240916","targetHints":{"allow":["GET"]}}],"collection":[{"href":"https:\/\/migracao.redenoticia.com.br\/noticia\/wp-json\/wp\/v2\/posts"}],"about":[{"href":"https:\/\/migracao.redenoticia.com.br\/noticia\/wp-json\/wp\/v2\/types\/post"}],"author":[{"embeddable":true,"href":"https:\/\/migracao.redenoticia.com.br\/noticia\/wp-json\/wp\/v2\/users\/5"}],"replies":[{"embeddable":true,"href":"https:\/\/migracao.redenoticia.com.br\/noticia\/wp-json\/wp\/v2\/comments?post=240916"}],"version-history":[{"count":0,"href":"https:\/\/migracao.redenoticia.com.br\/noticia\/wp-json\/wp\/v2\/posts\/240916\/revisions"}],"wp:featuredmedia":[{"embeddable":true,"href":"https:\/\/migracao.redenoticia.com.br\/noticia\/wp-json\/wp\/v2\/media\/240070"}],"wp:attachment":[{"href":"https:\/\/migracao.redenoticia.com.br\/noticia\/wp-json\/wp\/v2\/media?parent=240916"}],"wp:term":[{"taxonomy":"category","embeddable":true,"href":"https:\/\/migracao.redenoticia.com.br\/noticia\/wp-json\/wp\/v2\/categories?post=240916"},{"taxonomy":"post_tag","embeddable":true,"href":"https:\/\/migracao.redenoticia.com.br\/noticia\/wp-json\/wp\/v2\/tags?post=240916"}],"curies":[{"name":"wp","href":"https:\/\/api.w.org\/{rel}","templated":true}]}}